{"id":9344816,"date":"2010-09-08T20:22:16","date_gmt":"2010-09-08T20:22:16","guid":{"rendered":"http:\/\/blog.setesdalswiki.no\/2010\/09\/valle-radio-og-setesdalswiki-9344816\/"},"modified":"2010-09-08T20:22:16","modified_gmt":"2010-09-08T20:22:16","slug":"valle-radio-og-setesdalswiki-9344816","status":"publish","type":"post","link":"https:\/\/setesdalswiki.no\/blog\/valle-radio-og-setesdalswiki-9344816\/","title":{"rendered":"Valle Radio og Setesdalswiki"},"content":{"rendered":"<p>I dag tok eg turen ned i radioen for \u00e5 fange opp noko til Setesdalswiki i samband med sendinga der. Det var ein vellukka kveld, for eg fekk nye artiklar om K\u00e5re Rike, Ingebj\u00f8rg Ellinor Rysstad, Torhild Sandnes, Elise Marie Kringen og Torleif Harstad.<\/p>\n<p>I haust har eg tenkt om eg kunne skrive om sendingane v\u00e5re p\u00e5 Setesdalswiki. Det gjev lenker til mange tilh\u00f8ve n\u00e5r ein pr\u00f8ver \u00e5 skrive referat fr\u00e5 ei sending. til no har eg skrive om dei vi har hatt i g\u00e5r og i dag, og det har gitt nokre lenker. S\u00e5 dagen i dag har vore produktiv, og Setesdalswiki har vakse til 290 artiklar no.<\/p>\n<p>I dag fekk eg ein epost fr\u00e5 Signe Sollien Haug\u00e5 i Setesdal Regionr\u00e5d. Setesdalswiki vart starta etter Setesdalskonferansen 2009, ein tenkte \u00e5 ha h\u00f8ve til \u00e5 legge ut informasjon om n\u00e6ringsliv i regionen. Men dei som st\u00e5r for n\u00e6ringslivet har ikkje vore s\u00e5 aktive i \u00e5 skrive, s\u00e5 det har g\u00e5tt noko tregt \u00e5 f\u00e5 til vokster. No vonar ein at fleire skal verte med etter kvart, og Signe tenkte at ein kanskje kunne f\u00e5 til eit m\u00f8te og snakke om dette for interesserte. Vi snakka litt om korleis ein kunne finne aktuelle skribentar.<\/p>\n<p>Det fine med Setesdalswiki er at alle kan skrive. Men det har vore vanskeleg \u00e5 f\u00e5 folk til \u00e5 oppdage sida. No ville ho legge lenke til Setesdalswiki p\u00e5 Setesdal Regionr\u00e5d sine heimesider. S\u00e5 f\u00e5r vi sj\u00e5 om det aukar med skribentar etter kvart.<\/p>\n<p>Her er lenka til Setesdalswiki: http:\/\/www.eskeland.net\/setesdalswiki\/Hovedside<\/p>\n","protected":false},"excerpt":{"rendered":"<p>I dag tok eg turen ned i radioen for \u00e5 fange opp noko til Setesdalswiki i samband med sendinga der. Det var ein vellukka kveld, for eg fekk nye artiklar om K\u00e5re Rike, Ingebj\u00f8rg Ellinor Rysstad, Torhild Sandnes, Elise Marie Kringen og Torleif Harstad. I haust har eg tenkt om eg kunne skrive om sendingane &hellip; <a href=\"https:\/\/setesdalswiki.no\/blog\/valle-radio-og-setesdalswiki-9344816\/\" class=\"more-link\">Les meir om <span class=\"screen-reader-text\">Valle Radio og Setesdalswiki<\/span> <span class=\"meta-nav\">&rarr;<\/span><\/a><\/p>\n","protected":false},"author":2,"featured_media":0,"comment_status":"open","ping_status":"open","sticky":false,"template":"","format":"standard","meta":{"_s2mail":"","footnotes":""},"categories":[6],"tags":[],"class_list":["post-9344816","post","type-post","status-publish","format-standard","hentry","category-ymse"],"_links":{"self":[{"href":"https:\/\/setesdalswiki.no\/blog\/wp-json\/wp\/v2\/posts\/9344816"}],"collection":[{"href":"https:\/\/setesdalswiki.no\/blog\/wp-json\/wp\/v2\/posts"}],"about":[{"href":"https:\/\/setesdalswiki.no\/blog\/wp-json\/wp\/v2\/types\/post"}],"author":[{"embeddable":true,"href":"https:\/\/setesdalswiki.no\/blog\/wp-json\/wp\/v2\/users\/2"}],"replies":[{"embeddable":true,"href":"https:\/\/setesdalswiki.no\/blog\/wp-json\/wp\/v2\/comments?post=9344816"}],"version-history":[{"count":0,"href":"https:\/\/setesdalswiki.no\/blog\/wp-json\/wp\/v2\/posts\/9344816\/revisions"}],"wp:attachment":[{"href":"https:\/\/setesdalswiki.no\/blog\/wp-json\/wp\/v2\/media?parent=9344816"}],"wp:term":[{"taxonomy":"category","embeddable":true,"href":"https:\/\/setesdalswiki.no\/blog\/wp-json\/wp\/v2\/categories?post=9344816"},{"taxonomy":"post_tag","embeddable":true,"href":"https:\/\/setesdalswiki.no\/blog\/wp-json\/wp\/v2\/tags?post=9344816"}],"curies":[{"name":"wp","href":"https:\/\/api.w.org\/{rel}","templated":true}]}}