{"id":761571,"date":"2006-04-28T06:47:58","date_gmt":"2006-04-28T06:47:58","guid":{"rendered":"http:\/\/blog.setesdalswiki.no\/2006\/04\/arinn_visitas_og_vev_i_valle_radio761571\/"},"modified":"2006-04-28T06:47:58","modified_gmt":"2006-04-28T06:47:58","slug":"arinn_visitas_og_vev_i_valle_radio761571","status":"publish","type":"post","link":"https:\/\/setesdalswiki.no\/blog\/arinn_visitas_og_vev_i_valle_radio761571\/","title":{"rendered":"\u00c1rinn, visitas og vev i Valle radio"},"content":{"rendered":"<p>Dette stod i Setesd\u00f8len 28. april 2006<\/p>\n<p>-I kveld er det siste gongen denne sesongen at Valle radio har fredagssending, fortel Harald Haugland til Setesd\u00f8len. Han er ansvarleg for kvelden og lovar at b\u00e5de folkemusikk-festivalen \u00c1rinn og bispevisitasen i Valle prestegjeld vil f\u00e5 plass i sendinga. I den aktuelle timen vil Bjug T. \u00c5kre vere gjest. L\u00e6kjaren som har hatt arbeidsdagen sin i Kristiansand runda 70 \u00e5r 16. april har meiningar om b\u00e5de det eine og det hitt, s\u00e5 det kan verte ein interessant time, trur Harald Haugland.<\/p>\n<p>-Ettersom det er bispevisitas har eg funne fram bibelnamn til rebusane i den opne sendinga. Karin B\u00f8e vil vere med i studio, og prost Ole Gunnar S\u00e6b\u00f8 stikk ogs\u00e5 innom. Karin B\u00f8e har arbeidd mykje med \u00e5kletradisjonen i Setesdal, og 20:30 kjem ho i studio for \u00e5 fortelje om rugger i rosengang. Det er det f\u00f8rste av tre program om dette emnet i Valle radio, dei to neste programma kjem dei fyrste tysdagane i mai.<\/p>\n<p>-Den som fr\u00e5 klokka 18:00 stiller inn p\u00e5 Valle radio (det st\u00e5r Bykle p\u00e5 skjermen om radioen har slik indikator) vil f\u00e5 ein triveleg kveld, lovar Harald Haugland.<\/p>\n","protected":false},"excerpt":{"rendered":"<p>Dette stod i Setesd\u00f8len 28. april 2006 -I kveld er det siste gongen denne sesongen at Valle radio har fredagssending, fortel Harald Haugland til Setesd\u00f8len. Han er ansvarleg for kvelden og lovar at b\u00e5de folkemusikk-festivalen \u00c1rinn og bispevisitasen i Valle prestegjeld vil f\u00e5 plass i sendinga. I den aktuelle timen vil Bjug T. \u00c5kre vere &hellip; <a href=\"https:\/\/setesdalswiki.no\/blog\/arinn_visitas_og_vev_i_valle_radio761571\/\" class=\"more-link\">Les meir om <span class=\"screen-reader-text\">\u00c1rinn, visitas og vev i Valle radio<\/span> <span class=\"meta-nav\">&rarr;<\/span><\/a><\/p>\n","protected":false},"author":2,"featured_media":0,"comment_status":"open","ping_status":"open","sticky":false,"template":"","format":"standard","meta":{"_s2mail":"","footnotes":""},"categories":[6],"tags":[],"class_list":["post-761571","post","type-post","status-publish","format-standard","hentry","category-ymse"],"_links":{"self":[{"href":"https:\/\/setesdalswiki.no\/blog\/wp-json\/wp\/v2\/posts\/761571"}],"collection":[{"href":"https:\/\/setesdalswiki.no\/blog\/wp-json\/wp\/v2\/posts"}],"about":[{"href":"https:\/\/setesdalswiki.no\/blog\/wp-json\/wp\/v2\/types\/post"}],"author":[{"embeddable":true,"href":"https:\/\/setesdalswiki.no\/blog\/wp-json\/wp\/v2\/users\/2"}],"replies":[{"embeddable":true,"href":"https:\/\/setesdalswiki.no\/blog\/wp-json\/wp\/v2\/comments?post=761571"}],"version-history":[{"count":0,"href":"https:\/\/setesdalswiki.no\/blog\/wp-json\/wp\/v2\/posts\/761571\/revisions"}],"wp:attachment":[{"href":"https:\/\/setesdalswiki.no\/blog\/wp-json\/wp\/v2\/media?parent=761571"}],"wp:term":[{"taxonomy":"category","embeddable":true,"href":"https:\/\/setesdalswiki.no\/blog\/wp-json\/wp\/v2\/categories?post=761571"},{"taxonomy":"post_tag","embeddable":true,"href":"https:\/\/setesdalswiki.no\/blog\/wp-json\/wp\/v2\/tags?post=761571"}],"curies":[{"name":"wp","href":"https:\/\/api.w.org\/{rel}","templated":true}]}}