{"id":4968288,"date":"2008-11-01T23:43:39","date_gmt":"2008-11-01T23:43:39","guid":{"rendered":"http:\/\/blog.setesdalswiki.no\/2008\/11\/adolf-bjerkreim-4968288\/"},"modified":"2008-11-01T23:43:39","modified_gmt":"2008-11-01T23:43:39","slug":"adolf-bjerkreim-4968288","status":"publish","type":"post","link":"https:\/\/setesdalswiki.no\/blog\/adolf-bjerkreim-4968288\/","title":{"rendered":"Adolf Bjerkreim"},"content":{"rendered":"<p>I k\u00e5seriet mitt tysdagskvelden fortalde eg om Adolf Bjerkreim, som eg har skrive ein artikkel om p\u00e5 wikipedia, sj\u00e5 http:\/\/no.wikipedia.org\/wiki\/Adolf_Bjerkreim som er basert p\u00e5 artikkelen p\u00e5 nynorsk, og fr\u00e5 lenke i venstremargen kan du lese den.<\/p>\n<p>Det eg fortalde om i radioen, var mitt minne om denne predikanten, som var talar p\u00e5 Skolelaget d\u00e5 eg gjekk i f\u00f8rste eller andre klasse p\u00e5 realskulen, eg hugsar ikkje heilt. Han samla sv\u00e6rt mykje folk og talte i to timar, s\u00e5 vi m\u00e5tte g\u00e5 f\u00f8r m\u00f8tet var slutt for \u00e5 rekke bussen heim, noko som var sv\u00e6rt uvanleg for lagsm\u00f8ta.<\/p>\n<p>Bjerkreim stod i store vekkingar, mellom anna p\u00e5 Karm\u00f8y, der han slo seg ned og fekk heimen sin etter at han hadde gifta seg med ei jente derifr\u00e5. Framleis er det fleire bedehus som har maleri etter han der p\u00e5 \u00f8ya.<\/p>\n<p>I v\u00e5r tid er han mest kjent som forfattar av ei rekke oppbyggelege b\u00f8ker. Sp\u00f8rsm\u00e5l og Svar er basert p\u00e5 ei spalte han hadde i Evangelisten i n\u00e6rare 40 \u00e5r. Dei er samla i tre b\u00f8ker. Elles har han gjeve ut b\u00f8ker basert p\u00e5 Hebrearbrevet og Efeserbrevet og fleire andre i same sjanger.<\/p>\n<p>Vi tenkjer nok ikkje s\u00e5 ofte p\u00e5 det, men han har ein sang i Sangboken, det er Tak meg min Jesus \u00e5leine med deg, som han skreiv for 100 \u00e5r sidan, i 1908, Den avslutta eg sendinga med den tysdagskvelden, Odd Dubland og dottera Oddrun har sunge den inn p\u00e5 ei av platene sine.<\/p>\n<p>Den kan syngjast p\u00e5 fleire melodiar, b\u00e5de Hitinntil Herren har hjulpet s\u00e5 vel og p\u00e5 melodien Hadde jeg vinger.<\/p>\n<p>Tak meg min Jesus \u00e5leine med deg<br \/>\nBort ifr\u00e5 verda sin larm.<br \/>\nTal ved den Heilage Ande til meg,<br \/>\nLegg meg s\u00e5 stilt ved din barm.<br \/>\nL\u00f8ys du dei band som til verda meg bind<br \/>\nog gjev meg meir av ditt heilage sinn.<br \/>\nHaldt du meg alltid i kj\u00e6rleiken varm,<br \/>\nber meg s\u00e5 trygt p\u00e5 din arm.<\/p>\n<p>Jesus du veit eg er ung, eg er veik,<br \/>\nvara meg ikkje eg kan.<br \/>\nMange er dei som i livet deg sveik,<br \/>\ntr\u00f8r no p\u00e5 blodet som rann.<br \/>\nDifor min Jesus, du vara meg m\u00e5<br \/>\ns\u00e5 inn ved korset eg alltid m\u00e5 st\u00e5.<br \/>\nLat meg f\u00e5 sj\u00e5 p\u00e5 ditt storfelde verk,<br \/>\nderved eg alltid vert sterk.<\/p>\n<p>Hjelp meg \u00e5 leva i tru p\u00e5 ditt ord,<br \/>\nhald du meg vakande her.<br \/>\nJesus, du veit det er mykje p\u00e5 jord<br \/>\nsom til meg smiler og ler.<br \/>\n\u00c5, lat det aldri f\u00e5 makt over meg<br \/>\ns\u00e5 det kan draga meg bort ifr\u00e5 deg.<br \/>\nSyn meg din himmel og vis meg min krans &#8211;<br \/>\nvera d\u00e5 tapar sin glans.<\/p>\n<p>Lei meg s\u00e5 stundom i tankane heim,<br \/>\ns\u00e5 eg forst\u00e5r eg er rik.<br \/>\nLat meg f\u00e5 sj\u00e5 inn i gleda til deim<br \/>\nsom alt har vorte deg lik.<br \/>\nLyft meg p\u00e5 englar si vengja mot sky,<br \/>\nl\u00f8yn meg i storm ved di bringa i ly.<br \/>\nS\u00e5 vil eg lengtande g\u00e5 p\u00e5 min veg,<br \/>\nventa p\u00e5 heimlov fr\u00e5 deg.<\/p>\n","protected":false},"excerpt":{"rendered":"<p>I k\u00e5seriet mitt tysdagskvelden fortalde eg om Adolf Bjerkreim, som eg har skrive ein artikkel om p\u00e5 wikipedia, sj\u00e5 http:\/\/no.wikipedia.org\/wiki\/Adolf_Bjerkreim som er basert p\u00e5 artikkelen p\u00e5 nynorsk, og fr\u00e5 lenke i venstremargen kan du lese den. Det eg fortalde om i radioen, var mitt minne om denne predikanten, som var talar p\u00e5 Skolelaget d\u00e5 eg &hellip; <a href=\"https:\/\/setesdalswiki.no\/blog\/adolf-bjerkreim-4968288\/\" class=\"more-link\">Les meir om <span class=\"screen-reader-text\">Adolf Bjerkreim<\/span> <span class=\"meta-nav\">&rarr;<\/span><\/a><\/p>\n","protected":false},"author":2,"featured_media":0,"comment_status":"open","ping_status":"open","sticky":false,"template":"","format":"standard","meta":{"_s2mail":"","footnotes":""},"categories":[6],"tags":[],"class_list":["post-4968288","post","type-post","status-publish","format-standard","hentry","category-ymse"],"_links":{"self":[{"href":"https:\/\/setesdalswiki.no\/blog\/wp-json\/wp\/v2\/posts\/4968288"}],"collection":[{"href":"https:\/\/setesdalswiki.no\/blog\/wp-json\/wp\/v2\/posts"}],"about":[{"href":"https:\/\/setesdalswiki.no\/blog\/wp-json\/wp\/v2\/types\/post"}],"author":[{"embeddable":true,"href":"https:\/\/setesdalswiki.no\/blog\/wp-json\/wp\/v2\/users\/2"}],"replies":[{"embeddable":true,"href":"https:\/\/setesdalswiki.no\/blog\/wp-json\/wp\/v2\/comments?post=4968288"}],"version-history":[{"count":0,"href":"https:\/\/setesdalswiki.no\/blog\/wp-json\/wp\/v2\/posts\/4968288\/revisions"}],"wp:attachment":[{"href":"https:\/\/setesdalswiki.no\/blog\/wp-json\/wp\/v2\/media?parent=4968288"}],"wp:term":[{"taxonomy":"category","embeddable":true,"href":"https:\/\/setesdalswiki.no\/blog\/wp-json\/wp\/v2\/categories?post=4968288"},{"taxonomy":"post_tag","embeddable":true,"href":"https:\/\/setesdalswiki.no\/blog\/wp-json\/wp\/v2\/tags?post=4968288"}],"curies":[{"name":"wp","href":"https:\/\/api.w.org\/{rel}","templated":true}]}}