{"id":3014710,"date":"2007-09-20T21:33:46","date_gmt":"2007-09-20T21:33:46","guid":{"rendered":"http:\/\/blog.setesdalswiki.no\/2007\/09\/kulturveke_i3014710\/"},"modified":"2007-09-20T21:33:46","modified_gmt":"2007-09-20T21:33:46","slug":"kulturveke_i3014710","status":"publish","type":"post","link":"https:\/\/setesdalswiki.no\/blog\/kulturveke_i3014710\/","title":{"rendered":"Kulturveke i 2007"},"content":{"rendered":"<p>Fr\u00e5 5. oktober, det er midt i haustferien, vert det kulturveke. F\u00f8rste programmet er ein opningskonsert som Folkeakademiet arrangerer i Storstoga klokka 20 med Kirsten Br\u00e5ten Berg, Arild Andersen og Paolo Vinaccio. Om du vil vite meir om desse musikarane, kan du sj\u00e5 p\u00e5 wikipedia:<br \/>\nhttp:\/\/no.wikipedia.org\/wiki\/Paolo_Vinaccia<br \/>\nhttp:\/\/no.wikipedia.org\/wiki\/Arild_Andersen<br \/>\nhttp:\/\/no.wikipedia.org\/wiki\/Kirsten_Br%C3%A5ten_Berg<\/p>\n<p>Alle er musikarar som har f\u00e5tt Gammleng-prisen, sj\u00e5<br \/>\nhttp:\/\/no.wikipedia.org\/wiki\/Gammleng-prisen<\/p>\n<p>P\u00e5 sett og vis kunne det vore nok med konsert med ein av desse toppane i norsk musikkliv. \u00c5 f\u00e5 alle til \u00e5 stille opp i Storstoga same kvelden, er ei bragd. Leif Kvinlog fortalde om programmet for Kulturveka i Kommunen informerer onsdagskvelden 19. september, det er bare vel to veker til det heile startar.<\/p>\n<p>Seinare same kvelden vert det s\u00e5 Sauedans p\u00e5 Valle Motell. D\u00e5 er det Mac Meadows som skal spele. Meir om dette bandet finn du her:<br \/>\nhttp:\/\/www.macmeadows.com\/info.php<\/p>\n<p>Denne fredagskvelden er det og sending i Valle Radio. Det er for heile dalen, og det er Bj\u00f8rgulv T. Berg som skal vere programleiar og ansvarleg for kvelden. Rolf Erik Homme skal ha Open sending.<\/p>\n<p>Det vert alts\u00e5 tre tilbod denne fredagskvelden f\u00f8r sj\u00f8lve sauesj\u00e5et. Som vanleg skal Bygdekvinnelaget ha basar i Menighetshuset sauesj\u00e5dagen. Det har dei hatt sidan 1949, det har vore den faste inntektskjelda til laget, som i \u00e5r fyller 60 \u00e5r. Det skal dei etter det eg forst\u00e5r markere med medlemsfest tysdag 25. september.<\/p>\n<p>Dette var ein fyrste smakebit av programmet for kulturveka 2007. Meir kjem etter kvart.<\/p>\n","protected":false},"excerpt":{"rendered":"<p>Fr\u00e5 5. oktober, det er midt i haustferien, vert det kulturveke. F\u00f8rste programmet er ein opningskonsert som Folkeakademiet arrangerer i Storstoga klokka 20 med Kirsten Br\u00e5ten Berg, Arild Andersen og Paolo Vinaccio. Om du vil vite meir om desse musikarane, kan du sj\u00e5 p\u00e5 wikipedia: http:\/\/no.wikipedia.org\/wiki\/Paolo_Vinaccia http:\/\/no.wikipedia.org\/wiki\/Arild_Andersen http:\/\/no.wikipedia.org\/wiki\/Kirsten_Br%C3%A5ten_Berg Alle er musikarar som har f\u00e5tt Gammleng-prisen, &hellip; <a href=\"https:\/\/setesdalswiki.no\/blog\/kulturveke_i3014710\/\" class=\"more-link\">Les meir om <span class=\"screen-reader-text\">Kulturveke i 2007<\/span> <span class=\"meta-nav\">&rarr;<\/span><\/a><\/p>\n","protected":false},"author":2,"featured_media":0,"comment_status":"open","ping_status":"open","sticky":false,"template":"","format":"standard","meta":{"_s2mail":"","footnotes":""},"categories":[6],"tags":[36,40],"class_list":["post-3014710","post","type-post","status-publish","format-standard","hentry","category-ymse","tag-kommunen-informerer","tag-kulturveka-2007"],"_links":{"self":[{"href":"https:\/\/setesdalswiki.no\/blog\/wp-json\/wp\/v2\/posts\/3014710"}],"collection":[{"href":"https:\/\/setesdalswiki.no\/blog\/wp-json\/wp\/v2\/posts"}],"about":[{"href":"https:\/\/setesdalswiki.no\/blog\/wp-json\/wp\/v2\/types\/post"}],"author":[{"embeddable":true,"href":"https:\/\/setesdalswiki.no\/blog\/wp-json\/wp\/v2\/users\/2"}],"replies":[{"embeddable":true,"href":"https:\/\/setesdalswiki.no\/blog\/wp-json\/wp\/v2\/comments?post=3014710"}],"version-history":[{"count":0,"href":"https:\/\/setesdalswiki.no\/blog\/wp-json\/wp\/v2\/posts\/3014710\/revisions"}],"wp:attachment":[{"href":"https:\/\/setesdalswiki.no\/blog\/wp-json\/wp\/v2\/media?parent=3014710"}],"wp:term":[{"taxonomy":"category","embeddable":true,"href":"https:\/\/setesdalswiki.no\/blog\/wp-json\/wp\/v2\/categories?post=3014710"},{"taxonomy":"post_tag","embeddable":true,"href":"https:\/\/setesdalswiki.no\/blog\/wp-json\/wp\/v2\/tags?post=3014710"}],"curies":[{"name":"wp","href":"https:\/\/api.w.org\/{rel}","templated":true}]}}