{"id":2939073,"date":"2007-09-07T08:49:26","date_gmt":"2007-09-07T08:49:26","guid":{"rendered":"http:\/\/blog.setesdalswiki.no\/2007\/09\/sporsmal_til_politikarane_1_sykkelsti2939073\/"},"modified":"2007-09-07T08:49:26","modified_gmt":"2007-09-07T08:49:26","slug":"sporsmal_til_politikarane_1_sykkelsti2939073","status":"publish","type":"post","link":"https:\/\/setesdalswiki.no\/blog\/sporsmal_til_politikarane_1_sykkelsti2939073\/","title":{"rendered":"Sp\u00f8rsm\u00e5l til politikarane 1 Sykkelsti"},"content":{"rendered":"<p>I samband med sendinga torsdagskvelden om valet 2007, kom det ein del sp\u00f8rsm\u00e5l p\u00e5 sms og epost til Valle Radio. Her er nokre av dei:<\/p>\n<p>**Gang- og sykkelveg**<br \/>\n**14:45**<\/p>\n<p>Trafikktryggleiken st\u00e5r prioritert p\u00e5 valprogramma til alle partia.<\/p>\n<p>N\u00e5r kan me vente \u00e5 f\u00e5 gang\/sykkelveg fr\u00e5 Valle sentrum til skulen\/ barnehagen? Mange med meg, ynskjer dette. Pr. i dag er det farleg \u00e5 &#8220;styre&#8221; ein unge \u00e5leine p\u00e5 denne vegen.<\/p>\n<p>D\u00e5 dei ungane som er i 10.klasse no gjekk i 1. klasse, var dette ein debatt. No er det g\u00e5tt 10 \u00e5r, og ingen ting er skjedd. M\u00e5 det skje ei ulykke, f\u00f8r det skjer noko?<\/p>\n<p>Gudrun Sagneskar<\/p>\n<p>**16:59**<br \/>\nSp\u00f8rsm\u00e5l til Senterpartiet:<\/p>\n<p>Kvifor har dykk tatt med p\u00e5 programmet no at dykk vil prioritere sykkelveg sentrum &#8211; skulen n\u00e5r dykk har jobba imot den i \u00e5tte \u00e5r. Kvar gong sp\u00f8rsm\u00e5let har kome har dykk svara at omr\u00e5det rundt skulen er i planlegging og at det ligg inne. Men veien fra skulen til sentrum blir ikkje endra og det har jo ikkje vore noko i veien for at den kunna ha vore bygd f\u00f8r.<\/p>\n<p>Helsing sm\u00e5barnsmor<\/p>\n<p>**18:03**<br \/>\nTil Bj\u00f8rgulv Sv Lund.<br \/>\nAng. gang og  sykkelveg  &#8211; til badeplassen p\u00e5 Honnevje.<\/p>\n<p>Vil du prioritere  arbeid med \u00e5 f\u00e5 denne vegen ferdig v\u00e5ren 2008. Bed deg om at dette vert gjort f\u00f8r det skjer ei alvorleg trafikkulukke her &#8211; mange sm\u00e5 born syklar her om sumaren.<\/p>\n<p>Mvh  Bj\u00f8rg Brokka Rike<\/p>\n<p>**22:11**<br \/>\nFor sent for dette sp\u00f8rsm\u00e5let?<\/p>\n<p>Hva med gang og syklelsti for den farligste strekningen vi har&#8230;: Sandnes-Kveste-Valle?<\/p>\n<p>hilsen undrende<\/p>\n","protected":false},"excerpt":{"rendered":"<p>I samband med sendinga torsdagskvelden om valet 2007, kom det ein del sp\u00f8rsm\u00e5l p\u00e5 sms og epost til Valle Radio. Her er nokre av dei: **Gang- og sykkelveg** **14:45** Trafikktryggleiken st\u00e5r prioritert p\u00e5 valprogramma til alle partia. N\u00e5r kan me vente \u00e5 f\u00e5 gang\/sykkelveg fr\u00e5 Valle sentrum til skulen\/ barnehagen? Mange med meg, ynskjer dette. &hellip; <a href=\"https:\/\/setesdalswiki.no\/blog\/sporsmal_til_politikarane_1_sykkelsti2939073\/\" class=\"more-link\">Les meir om <span class=\"screen-reader-text\">Sp\u00f8rsm\u00e5l til politikarane 1 Sykkelsti<\/span> <span class=\"meta-nav\">&rarr;<\/span><\/a><\/p>\n","protected":false},"author":2,"featured_media":0,"comment_status":"open","ping_status":"open","sticky":false,"template":"","format":"standard","meta":{"_s2mail":"","footnotes":""},"categories":[6],"tags":[69],"class_list":["post-2939073","post","type-post","status-publish","format-standard","hentry","category-ymse","tag-val-2007"],"_links":{"self":[{"href":"https:\/\/setesdalswiki.no\/blog\/wp-json\/wp\/v2\/posts\/2939073"}],"collection":[{"href":"https:\/\/setesdalswiki.no\/blog\/wp-json\/wp\/v2\/posts"}],"about":[{"href":"https:\/\/setesdalswiki.no\/blog\/wp-json\/wp\/v2\/types\/post"}],"author":[{"embeddable":true,"href":"https:\/\/setesdalswiki.no\/blog\/wp-json\/wp\/v2\/users\/2"}],"replies":[{"embeddable":true,"href":"https:\/\/setesdalswiki.no\/blog\/wp-json\/wp\/v2\/comments?post=2939073"}],"version-history":[{"count":0,"href":"https:\/\/setesdalswiki.no\/blog\/wp-json\/wp\/v2\/posts\/2939073\/revisions"}],"wp:attachment":[{"href":"https:\/\/setesdalswiki.no\/blog\/wp-json\/wp\/v2\/media?parent=2939073"}],"wp:term":[{"taxonomy":"category","embeddable":true,"href":"https:\/\/setesdalswiki.no\/blog\/wp-json\/wp\/v2\/categories?post=2939073"},{"taxonomy":"post_tag","embeddable":true,"href":"https:\/\/setesdalswiki.no\/blog\/wp-json\/wp\/v2\/tags?post=2939073"}],"curies":[{"name":"wp","href":"https:\/\/api.w.org\/{rel}","templated":true}]}}