{"id":2931568,"date":"2007-09-05T20:41:22","date_gmt":"2007-09-05T20:41:22","guid":{"rendered":"http:\/\/blog.setesdalswiki.no\/2007\/09\/ei_spesiell_veke2931568\/"},"modified":"2007-09-05T20:41:22","modified_gmt":"2007-09-05T20:41:22","slug":"ei_spesiell_veke2931568","status":"publish","type":"post","link":"https:\/\/setesdalswiki.no\/blog\/ei_spesiell_veke2931568\/","title":{"rendered":"Ei spesiell veke"},"content":{"rendered":"<p>Inneverande veke er spesiell i Valle Radio. Hovudsendinga v\u00e5r er flytta til torsdag 6. september, d\u00e5 inviterer \u00d8rnulf Hasla og Sigurd Haugsgjerd til valsending i Kommunestyresalen.<\/p>\n<p>I dag hadde Arbeiderpartiet stand i Valle sentrum, og praten mellom politikarane gjekk livleg. Det verka som om det var forventning til at det kunne verte ein interessant kveld i radioen i morgon.<\/p>\n<p>**Tysdag 4. september 2007**<br \/>\nAnsvarleg: Harald Haugland<br \/>\nProgram:<br \/>\n18:00 Kvarteret<br \/>\n18:15 Over ein open Bibel<br \/>\n18:30 Noreamagasinet<br \/>\n19:05 M\u00f8teplassen<br \/>\n19:30 Roman Kohler presenterer sig\u00f8ynermusikk<br \/>\n20:05 Vatn i Valle &#8211; Roskreppfjorden<br \/>\n20:15 Dagens Buxtehude<br \/>\n20:30 Postludium ved Niklos K. Besteland. Tema: Felix Mendelssohn<br \/>\n21:00 Kyrkjebakken<\/p>\n<p>**Torsdag 6. september**<br \/>\nAnsvarleg: \u00d8rnulf Hasla<br \/>\nGjesteprogramleiar: Sigurd Haugsgjerd<br \/>\nUtereporter: Helge Dahle<br \/>\nTeknikar: J\u00f8rund Georg Jore og Kjetil C. Jore<\/p>\n<p>18:00 Valsending startar i kommunestyresalen<\/p>\n<p>Jorunn og Tobby serverer verdens beste vaflar<\/p>\n","protected":false},"excerpt":{"rendered":"<p>Inneverande veke er spesiell i Valle Radio. Hovudsendinga v\u00e5r er flytta til torsdag 6. september, d\u00e5 inviterer \u00d8rnulf Hasla og Sigurd Haugsgjerd til valsending i Kommunestyresalen. I dag hadde Arbeiderpartiet stand i Valle sentrum, og praten mellom politikarane gjekk livleg. Det verka som om det var forventning til at det kunne verte ein interessant kveld &hellip; <a href=\"https:\/\/setesdalswiki.no\/blog\/ei_spesiell_veke2931568\/\" class=\"more-link\">Les meir om <span class=\"screen-reader-text\">Ei spesiell veke<\/span> <span class=\"meta-nav\">&rarr;<\/span><\/a><\/p>\n","protected":false},"author":2,"featured_media":0,"comment_status":"open","ping_status":"open","sticky":false,"template":"","format":"standard","meta":{"_s2mail":"","footnotes":""},"categories":[6],"tags":[54],"class_list":["post-2931568","post","type-post","status-publish","format-standard","hentry","category-ymse","tag-program"],"_links":{"self":[{"href":"https:\/\/setesdalswiki.no\/blog\/wp-json\/wp\/v2\/posts\/2931568"}],"collection":[{"href":"https:\/\/setesdalswiki.no\/blog\/wp-json\/wp\/v2\/posts"}],"about":[{"href":"https:\/\/setesdalswiki.no\/blog\/wp-json\/wp\/v2\/types\/post"}],"author":[{"embeddable":true,"href":"https:\/\/setesdalswiki.no\/blog\/wp-json\/wp\/v2\/users\/2"}],"replies":[{"embeddable":true,"href":"https:\/\/setesdalswiki.no\/blog\/wp-json\/wp\/v2\/comments?post=2931568"}],"version-history":[{"count":0,"href":"https:\/\/setesdalswiki.no\/blog\/wp-json\/wp\/v2\/posts\/2931568\/revisions"}],"wp:attachment":[{"href":"https:\/\/setesdalswiki.no\/blog\/wp-json\/wp\/v2\/media?parent=2931568"}],"wp:term":[{"taxonomy":"category","embeddable":true,"href":"https:\/\/setesdalswiki.no\/blog\/wp-json\/wp\/v2\/categories?post=2931568"},{"taxonomy":"post_tag","embeddable":true,"href":"https:\/\/setesdalswiki.no\/blog\/wp-json\/wp\/v2\/tags?post=2931568"}],"curies":[{"name":"wp","href":"https:\/\/api.w.org\/{rel}","templated":true}]}}