{"id":2845940,"date":"2007-08-21T15:46:20","date_gmt":"2007-08-21T15:46:20","guid":{"rendered":"http:\/\/blog.setesdalswiki.no\/2007\/08\/10_ar2845940\/"},"modified":"2007-08-21T15:46:20","modified_gmt":"2007-08-21T15:46:20","slug":"10_ar2845940","status":"publish","type":"post","link":"https:\/\/setesdalswiki.no\/blog\/10_ar2845940\/","title":{"rendered":"10 \u00e5r"},"content":{"rendered":"<p>Eg har inntrykk av at minnet vert kortare og kortare. Truleg er det fordi s\u00e5 mykje skjer heile tida. For meg har det f\u00f8rt til at eg har nokre knaggar i livet som eg hugsar, til d\u00f8mes at eg kom til Valle i 1991. Men mykje av det som har skjedd b\u00e5de f\u00f8r og sidan er g\u00e5tt over i gl\u00f8ymeboka.<\/p>\n<p>Men kva skjedde i 1997. Eg veit om tre ting som er ganske n\u00e6rt, to av dei skuldast reklame:<\/p>\n<p>*Joker-kjeden vart etablert. Det vert eg minna om kvar gong eg g\u00e5r innom i butikken til Hans Petter i Valle sentrum. Han har hengt opp store plakater som minner oss p\u00e5 det, og reklamen hans seier at tilboda skal vere ekstra gode i \u00e5r.<\/p>\n<p>*Hydro-Texaco starta med gratis kaffe heile \u00e5ret om du kj\u00f8pte ein spesiell kopp. Det vert eg minna om n\u00e5r eg ser p\u00e5 lokket til den kaffikoppen eg pleier \u00e5 fylle n\u00e5r eg kjem til Evje og er kaffityrst.<\/p>\n<p>*Den tredje tingen skuldast ikkje reklame, men at eg har bladd i gjesteb\u00f8kene her i Valle Radio. Det var at vi hadde v\u00e5r fyrste sending p\u00e5 ettersommaren 1997, etter at det hadde vore ei pr\u00f8vesending i mai. Eg vonar at vi f\u00e5r h\u00f8ve til \u00e5 bla litt i minneboka i l\u00f8pet av hausten og sj\u00e5 litt kva vi sende den fyrste tida vi var p\u00e5 lufta.<\/p>\n<p>Men kva anna som hende i 1997, det hadde eg ikkje peiling p\u00e5. Difor gjekk eg til wikipedia for \u00e5 finne ut meir om det som skjedde i 1997. Sj\u00e5 http:\/\/no.wikipedia.org\/wiki\/1997 for \u00e5 finne ut litt av det. Sj\u00e5 ogs\u00e5 http:\/\/no.wikipedia.org\/wiki\/Kategori:1997 om du vil finne ut meir.<\/p>\n<p>Difor ynskjer vi velkommen til ein ny sesong, jubileumssesong kallast det. Eg vonar at vi f\u00e5r mange fine kveldar ved radioen i \u00e5ret som ligg framom.<\/p>\n","protected":false},"excerpt":{"rendered":"<p>Eg har inntrykk av at minnet vert kortare og kortare. Truleg er det fordi s\u00e5 mykje skjer heile tida. For meg har det f\u00f8rt til at eg har nokre knaggar i livet som eg hugsar, til d\u00f8mes at eg kom til Valle i 1991. Men mykje av det som har skjedd b\u00e5de f\u00f8r og sidan &hellip; <a href=\"https:\/\/setesdalswiki.no\/blog\/10_ar2845940\/\" class=\"more-link\">Les meir om <span class=\"screen-reader-text\">10 \u00e5r<\/span> <span class=\"meta-nav\">&rarr;<\/span><\/a><\/p>\n","protected":false},"author":2,"featured_media":0,"comment_status":"open","ping_status":"open","sticky":false,"template":"","format":"standard","meta":{"_s2mail":"","footnotes":""},"categories":[6],"tags":[],"class_list":["post-2845940","post","type-post","status-publish","format-standard","hentry","category-ymse"],"_links":{"self":[{"href":"https:\/\/setesdalswiki.no\/blog\/wp-json\/wp\/v2\/posts\/2845940"}],"collection":[{"href":"https:\/\/setesdalswiki.no\/blog\/wp-json\/wp\/v2\/posts"}],"about":[{"href":"https:\/\/setesdalswiki.no\/blog\/wp-json\/wp\/v2\/types\/post"}],"author":[{"embeddable":true,"href":"https:\/\/setesdalswiki.no\/blog\/wp-json\/wp\/v2\/users\/2"}],"replies":[{"embeddable":true,"href":"https:\/\/setesdalswiki.no\/blog\/wp-json\/wp\/v2\/comments?post=2845940"}],"version-history":[{"count":0,"href":"https:\/\/setesdalswiki.no\/blog\/wp-json\/wp\/v2\/posts\/2845940\/revisions"}],"wp:attachment":[{"href":"https:\/\/setesdalswiki.no\/blog\/wp-json\/wp\/v2\/media?parent=2845940"}],"wp:term":[{"taxonomy":"category","embeddable":true,"href":"https:\/\/setesdalswiki.no\/blog\/wp-json\/wp\/v2\/categories?post=2845940"},{"taxonomy":"post_tag","embeddable":true,"href":"https:\/\/setesdalswiki.no\/blog\/wp-json\/wp\/v2\/tags?post=2845940"}],"curies":[{"name":"wp","href":"https:\/\/api.w.org\/{rel}","templated":true}]}}