{"id":2809838,"date":"2007-08-14T22:53:17","date_gmt":"2007-08-14T22:53:17","guid":{"rendered":"http:\/\/blog.setesdalswiki.no\/2007\/08\/gode_historier2809838\/"},"modified":"2007-08-14T22:53:17","modified_gmt":"2007-08-14T22:53:17","slug":"gode_historier2809838","status":"publish","type":"post","link":"https:\/\/setesdalswiki.no\/blog\/gode_historier2809838\/","title":{"rendered":"Gode historier"},"content":{"rendered":"<p>Gode historier kan illustrere eit poeng og i Setesdal er det mange som er flinke til \u00e5 fortelje. Eg skulle \u00f8nske at vi kunne f\u00e5 med fleire av desse i program i Valle Radio n\u00e5r vi no g\u00e5r inn i jubileumssesongen. 10 \u00e5r med radio er ikkje \u00e5 sj\u00e5 lett p\u00e5, for det er mange timar med f\u00f8rearbeid og sending som er lagt ned.<\/p>\n<p>Mange gamle predikantar kunne ofte illustrere eit poeng med ei fortelling som gjorde at ein hugsa det dei talte om. Eg skulle \u00f8nska at eg hadde den g\u00e5va, men eg opplever ofte at eg ikkje hugsar dei poengterte uttrykka og sogene sj\u00f8lv n\u00e5r eg har h\u00f8yrt dei fortalt, langt mindre evnar eg \u00e5 ta vare p\u00e5 dei n\u00e5r eg opplever dei.<\/p>\n<p>I andaktsboka S<em>tille stunder p\u00e5 veien hjem<\/em> skriv H. E. Wisl\u00f8ff for g\u00e5rsdagen om ein medarbeidar i ein av kyrkjelydane han var i. Denne personen var alltid s\u00e5 glad, og ein dag spurde presten han om han alltid var s\u00e5 glad. -\u00c5, nei, du, svarte han, -men ein ting har eg l\u00e6rt i V\u00e5r Herres skole: Sorga tek eg med meg inn i l\u00f8nnkammeret, og gleda tek eg med meg ut att.<\/p>\n<p>Slike sm\u00e5 stubbar skulle eg gjerne hugsa og l\u00e6rt meg \u00e5 bruke b\u00e5de i radioen og elles. D\u00e5 eg ikkje kan det, eg trur ikkje den delen av hjernen min har f\u00e5tt ein slik konstruksjon at eg f\u00e5r det med meg, m\u00e5 eg i staden glede meg over det andre kan samle opp av sm\u00e5 historier p\u00e5 denne m\u00e5ten. N\u00e5r eg kjem over dei, skal eg dele dei med dykk som les bloggen. <\/p>\n","protected":false},"excerpt":{"rendered":"<p>Gode historier kan illustrere eit poeng og i Setesdal er det mange som er flinke til \u00e5 fortelje. Eg skulle \u00f8nske at vi kunne f\u00e5 med fleire av desse i program i Valle Radio n\u00e5r vi no g\u00e5r inn i jubileumssesongen. 10 \u00e5r med radio er ikkje \u00e5 sj\u00e5 lett p\u00e5, for det er mange &hellip; <a href=\"https:\/\/setesdalswiki.no\/blog\/gode_historier2809838\/\" class=\"more-link\">Les meir om <span class=\"screen-reader-text\">Gode historier<\/span> <span class=\"meta-nav\">&rarr;<\/span><\/a><\/p>\n","protected":false},"author":2,"featured_media":0,"comment_status":"open","ping_status":"open","sticky":false,"template":"","format":"standard","meta":{"_s2mail":"","footnotes":""},"categories":[6],"tags":[],"class_list":["post-2809838","post","type-post","status-publish","format-standard","hentry","category-ymse"],"_links":{"self":[{"href":"https:\/\/setesdalswiki.no\/blog\/wp-json\/wp\/v2\/posts\/2809838"}],"collection":[{"href":"https:\/\/setesdalswiki.no\/blog\/wp-json\/wp\/v2\/posts"}],"about":[{"href":"https:\/\/setesdalswiki.no\/blog\/wp-json\/wp\/v2\/types\/post"}],"author":[{"embeddable":true,"href":"https:\/\/setesdalswiki.no\/blog\/wp-json\/wp\/v2\/users\/2"}],"replies":[{"embeddable":true,"href":"https:\/\/setesdalswiki.no\/blog\/wp-json\/wp\/v2\/comments?post=2809838"}],"version-history":[{"count":0,"href":"https:\/\/setesdalswiki.no\/blog\/wp-json\/wp\/v2\/posts\/2809838\/revisions"}],"wp:attachment":[{"href":"https:\/\/setesdalswiki.no\/blog\/wp-json\/wp\/v2\/media?parent=2809838"}],"wp:term":[{"taxonomy":"category","embeddable":true,"href":"https:\/\/setesdalswiki.no\/blog\/wp-json\/wp\/v2\/categories?post=2809838"},{"taxonomy":"post_tag","embeddable":true,"href":"https:\/\/setesdalswiki.no\/blog\/wp-json\/wp\/v2\/tags?post=2809838"}],"curies":[{"name":"wp","href":"https:\/\/api.w.org\/{rel}","templated":true}]}}