{"id":279404,"date":"2005-11-02T21:57:37","date_gmt":"2005-11-02T21:57:37","guid":{"rendered":"http:\/\/blog.setesdalswiki.no\/2005\/11\/veke279404\/"},"modified":"2005-11-02T21:57:37","modified_gmt":"2005-11-02T21:57:37","slug":"veke279404","status":"publish","type":"post","link":"https:\/\/setesdalswiki.no\/blog\/veke279404\/","title":{"rendered":"Veke 44"},"content":{"rendered":"<p>I onsdagssendinga denne kvelden hadde vi desse oppslaga i nyhetstimen <strong>Vallenytt<\/strong>:<br \/>\n1. Om UiOs team som har praksisperiode i Valle og Bykle denne veka. Dei skal bes\u00f8ke skular og til helga skal dei delta p\u00e5 gudstenester i Hylestad kyrkje klokka 11 og Fjellgardane kyrkje klokka 18. Anders Wergeland var i studio saman med tre av teamet. Her er heimesida til DTS Skj\u00e6rg\u00e5rdsheimen. http:\/\/www.heimen.org\/dts\/<br \/>\n2. Om krypsiv i Otra. Sj\u00e5 eige innlegg. Torjus Uppstad fr\u00e5 VAFA var i studio og Reidar Ove Mork fr\u00e5 Krypsivfondet i Otra var med p\u00e5 telefon.<br \/>\n3. Om at Ramadan no er slutt. Aslan Dubajev fr\u00e5 Tsjetsjenia, som er flyktning i Valle, fortalde om det.<br \/>\n4. Om at vi har f\u00e5tt blogg i Valle radio.<\/p>\n<p>I <strong>Kommunen informerer <\/strong>var det rektor Leif Kvinlog og r\u00e5dgjevar Fr\u00f8ydis Unneland som var med. Dei fortalde om eit opplegg som er starta p\u00e5 Valle skule som heiter YOU og handlar om yrkesorientering. Her er heimesida til dette opplegget: http:\/\/you.ls.no\/<\/p>\n<p><strong>Tankar fr\u00e5 Bibelen<\/strong> var ved H\u00e5vard Viki, som kom i staden for Bj\u00f8rgulv T. Berg, som m\u00e5tte til Kristiansand denne kvelden.<\/p>\n<p><strong>Severin Tobiassen og Setesdal <\/strong>var eit interessant innslag av Leonhard Jansen fr\u00e5 Setesdalsmuseet.<br \/>\nhttp:\/\/www.setesdalsmuseet.no\/<br \/>\nHan spela \u00f4g opptak av Tallak Hoslemo som song og spela fele til. Dette hadde Agder Folkemusikkarkiv skaffa fram. http:\/\/www.folkemusikkarkivet.net\/aindex.html<br \/>\nEg har skriv litt om dette i eit tidlegare innslag her p\u00e5 bloggen.<\/p>\n<p>Til slutt var det <strong>Open sending<\/strong>. Her var Ingebj\u00f8rg Ellinor Rysstad og Berit Homme telefonvakter. Fr\u00e5 klokka 21 til 22.35 kom det inn vel hundre telefonar, og ryggsekken med Valle radio-logo gjekk til Jorunn Andersen p\u00e5 Rysstad. Teknikar denne kvelden var Torhild Sandnes og ansvarleg for sendinga var<\/p>\n<p>Harald<\/p>\n","protected":false},"excerpt":{"rendered":"<p>I onsdagssendinga denne kvelden hadde vi desse oppslaga i nyhetstimen Vallenytt: 1. Om UiOs team som har praksisperiode i Valle og Bykle denne veka. Dei skal bes\u00f8ke skular og til helga skal dei delta p\u00e5 gudstenester i Hylestad kyrkje klokka 11 og Fjellgardane kyrkje klokka 18. Anders Wergeland var i studio saman med tre av &hellip; <a href=\"https:\/\/setesdalswiki.no\/blog\/veke279404\/\" class=\"more-link\">Les meir om <span class=\"screen-reader-text\">Veke 44<\/span> <span class=\"meta-nav\">&rarr;<\/span><\/a><\/p>\n","protected":false},"author":2,"featured_media":0,"comment_status":"open","ping_status":"open","sticky":false,"template":"","format":"standard","meta":{"_s2mail":"","footnotes":""},"categories":[6],"tags":[],"class_list":["post-279404","post","type-post","status-publish","format-standard","hentry","category-ymse"],"_links":{"self":[{"href":"https:\/\/setesdalswiki.no\/blog\/wp-json\/wp\/v2\/posts\/279404"}],"collection":[{"href":"https:\/\/setesdalswiki.no\/blog\/wp-json\/wp\/v2\/posts"}],"about":[{"href":"https:\/\/setesdalswiki.no\/blog\/wp-json\/wp\/v2\/types\/post"}],"author":[{"embeddable":true,"href":"https:\/\/setesdalswiki.no\/blog\/wp-json\/wp\/v2\/users\/2"}],"replies":[{"embeddable":true,"href":"https:\/\/setesdalswiki.no\/blog\/wp-json\/wp\/v2\/comments?post=279404"}],"version-history":[{"count":0,"href":"https:\/\/setesdalswiki.no\/blog\/wp-json\/wp\/v2\/posts\/279404\/revisions"}],"wp:attachment":[{"href":"https:\/\/setesdalswiki.no\/blog\/wp-json\/wp\/v2\/media?parent=279404"}],"wp:term":[{"taxonomy":"category","embeddable":true,"href":"https:\/\/setesdalswiki.no\/blog\/wp-json\/wp\/v2\/categories?post=279404"},{"taxonomy":"post_tag","embeddable":true,"href":"https:\/\/setesdalswiki.no\/blog\/wp-json\/wp\/v2\/tags?post=279404"}],"curies":[{"name":"wp","href":"https:\/\/api.w.org\/{rel}","templated":true}]}}