{"id":20665112,"date":"2024-09-02T22:03:53","date_gmt":"2024-09-02T22:03:53","guid":{"rendered":"https:\/\/setesdalswiki.no\/blog\/?p=20665112"},"modified":"2024-12-11T22:39:05","modified_gmt":"2024-12-11T22:39:05","slug":"kontakt","status":"publish","type":"post","link":"https:\/\/setesdalswiki.no\/blog\/kontakt\/","title":{"rendered":"Kontakt"},"content":{"rendered":"\n<p>I kveld tok eg ein telefon til \u00d8ystein Berg i Valle. Vi hang saman som eit gammalt ektepar d\u00e5 vi arbeidde med vaksenoppl\u00e6ring i Valle, men no var det eit halvt \u00e5r sidan vi hadde snakka saman, s\u00e5 vi hadde mykje \u00e5 oppdatere kvarandre p\u00e5.<\/p>\n\n\n\n<p>Med nokre vener er det slik at vi mest kan m\u00f8tast etter \u00e5r og ta opp samtalen fr\u00e5 d\u00e5 vi sist m\u00f8ttest, og slik er det med \u00d8ystein, vi er p\u00e5 b\u00f8lgelengde med ein gong. Eg har begynt \u00e5 tenke meir p\u00e5 at eg skal lage prolog til 100-\u00e5rsjubileet for Nomeland bedehus. Det skal vere sundag 13. oktober, ein del av kulturveka i \u00e5r. <\/p>\n\n\n\n<p>Ettersom eg ikkje har vore i Valle noko s\u00e6rleg etter at eg slutta \u00e5 arbeide der, er eg ikkje lenger s\u00e5 tett p\u00e5 det som skjer, sj\u00f8lv om eg held Setesd\u00f8len og slik blir oppdatert kvar veke. S\u00e5 vi fekk ein triveleg prat om laust og fast og kva som har skjedd kvar p\u00e5 v\u00e5r stad i l\u00f8pet av sommaren. Han s\u00e5g fram til s\u00f8skenbarntreff, eg s\u00e5g tilbake p\u00e5 slektsstevnet p\u00e5 \u00c5pta i sommar. Boka som vart laga til det, er ei kjelde til glede mest kvar dag. Den hjelper oss til \u00e5 halde oversyn over alle, det er ikkje s\u00e5 lett alltid.<\/p>\n\n\n\n<p>Det er viktig \u00e5 halde kontakt, at den ikkje tek slutt, for d\u00e5 g\u00e5r energien ut av det vi har saman. <\/p>\n","protected":false},"excerpt":{"rendered":"<p>I kveld tok eg ein telefon til \u00d8ystein Berg i Valle. Vi hang saman som eit gammalt ektepar d\u00e5 vi arbeidde med vaksenoppl\u00e6ring i Valle, men no var det eit halvt \u00e5r sidan vi hadde snakka saman, s\u00e5 vi hadde mykje \u00e5 oppdatere kvarandre p\u00e5. Med nokre vener er det slik at vi mest kan &hellip; <a href=\"https:\/\/setesdalswiki.no\/blog\/kontakt\/\" class=\"more-link\">Les meir om <span class=\"screen-reader-text\">Kontakt<\/span> <span class=\"meta-nav\">&rarr;<\/span><\/a><\/p>\n","protected":false},"author":2,"featured_media":0,"comment_status":"open","ping_status":"open","sticky":false,"template":"","format":"standard","meta":{"_s2mail":"yes","footnotes":""},"categories":[1],"tags":[],"class_list":["post-20665112","post","type-post","status-publish","format-standard","hentry","category-uncategorized"],"_links":{"self":[{"href":"https:\/\/setesdalswiki.no\/blog\/wp-json\/wp\/v2\/posts\/20665112"}],"collection":[{"href":"https:\/\/setesdalswiki.no\/blog\/wp-json\/wp\/v2\/posts"}],"about":[{"href":"https:\/\/setesdalswiki.no\/blog\/wp-json\/wp\/v2\/types\/post"}],"author":[{"embeddable":true,"href":"https:\/\/setesdalswiki.no\/blog\/wp-json\/wp\/v2\/users\/2"}],"replies":[{"embeddable":true,"href":"https:\/\/setesdalswiki.no\/blog\/wp-json\/wp\/v2\/comments?post=20665112"}],"version-history":[{"count":2,"href":"https:\/\/setesdalswiki.no\/blog\/wp-json\/wp\/v2\/posts\/20665112\/revisions"}],"predecessor-version":[{"id":20665132,"href":"https:\/\/setesdalswiki.no\/blog\/wp-json\/wp\/v2\/posts\/20665112\/revisions\/20665132"}],"wp:attachment":[{"href":"https:\/\/setesdalswiki.no\/blog\/wp-json\/wp\/v2\/media?parent=20665112"}],"wp:term":[{"taxonomy":"category","embeddable":true,"href":"https:\/\/setesdalswiki.no\/blog\/wp-json\/wp\/v2\/categories?post=20665112"},{"taxonomy":"post_tag","embeddable":true,"href":"https:\/\/setesdalswiki.no\/blog\/wp-json\/wp\/v2\/tags?post=20665112"}],"curies":[{"name":"wp","href":"https:\/\/api.w.org\/{rel}","templated":true}]}}