{"id":20664976,"date":"2023-11-01T22:44:41","date_gmt":"2023-11-01T22:44:41","guid":{"rendered":"https:\/\/setesdalswiki.no\/blog\/?p=20664976"},"modified":"2023-11-01T22:44:42","modified_gmt":"2023-11-01T22:44:42","slug":"valle-radio-denne-veka","status":"publish","type":"post","link":"https:\/\/setesdalswiki.no\/blog\/valle-radio-denne-veka\/","title":{"rendered":"Valle Radio denne veka"},"content":{"rendered":"\n<p>Eg pr\u00f8ver \u00e5 f\u00e5 med programma for radioen p\u00e5 bloggen kvar veke. Det beste er om eg kan legge dei ut f\u00f8r sendingane, for d\u00e5 er det kanskje nokon som ser det og leitar seg fram til \u00e5 h\u00f8yre p\u00e5 nettet eller i radioen. Men om eg ikkje klarar det, kan det jo vere greit \u00e5 ha dei ein stad i ettertid ogs\u00e5, og slik blir det denne veka. Eg hadde heller ikkje h\u00f8ve til \u00e5 h\u00f8yre p\u00e5 denne veka, s\u00e5 om sendingane gjekk som planlagt, det veit eg ikkje. Men her er programma:<\/p>\n\n\n\n<p><strong>Tysdag 31. oktober 2023<\/strong><\/p>\n\n\n\n<p>Ansvarleg og teknikar Siri Johannessen<\/p>\n\n\n\n<p>18.00 Kvarteret<\/p>\n\n\n\n<p>18.15 Over en \u00e5pen bibel med K\u00e5re Lid via <a href=\"https:\/\/www.facebook.com\/noreamediemisjon?__cft__[0]=AZWUhwwW0psoHCjNQHM164pqLpUcquj0eyI5_Ykc1NO6xE_gemxCgjv0Ewqu7B1of7IKcAl2NrlHzJF2UADkY_4rnfWSB42J_EdBsfwkz9yQ9NazFzKXL0FWN-cLplC_d462paGgj-w8d9ERmdyE3KR5MKRWltuUlFbjJYWsySZbXCA-FM-y7gWNgiX-qmieFJk&amp;__tn__=-]K-R\">Norea Mediemisjon<\/a><\/p>\n\n\n\n<p>18.30 <a href=\"https:\/\/www.facebook.com\/profile.php?id=100000812248246&amp;__cft__[0]=AZWUhwwW0psoHCjNQHM164pqLpUcquj0eyI5_Ykc1NO6xE_gemxCgjv0Ewqu7B1of7IKcAl2NrlHzJF2UADkY_4rnfWSB42J_EdBsfwkz9yQ9NazFzKXL0FWN-cLplC_d462paGgj-w8d9ERmdyE3KR5MKRWltuUlFbjJYWsySZbXCA-FM-y7gWNgiX-qmieFJk&amp;__tn__=-]K-R\">Olav Lindst\u00f8len<\/a>s musikktime<\/p>\n\n\n\n<p><a><\/a>19.30 Timen med<\/p>\n\n\n\n<p>&#8211; Basarnytt med Bj\u00f8rg B\u00f8ggi Straume, <a href=\"https:\/\/www.facebook.com\/Treungengrendelag?__cft__[0]=AZWUhwwW0psoHCjNQHM164pqLpUcquj0eyI5_Ykc1NO6xE_gemxCgjv0Ewqu7B1of7IKcAl2NrlHzJF2UADkY_4rnfWSB42J_EdBsfwkz9yQ9NazFzKXL0FWN-cLplC_d462paGgj-w8d9ERmdyE3KR5MKRWltuUlFbjJYWsySZbXCA-FM-y7gWNgiX-qmieFJk&amp;__tn__=-]K-R\">Treungen grendelag<\/a><\/p>\n\n\n\n<p>&#8211; <a href=\"https:\/\/www.facebook.com\/opendoorsnorway?__cft__[0]=AZWUhwwW0psoHCjNQHM164pqLpUcquj0eyI5_Ykc1NO6xE_gemxCgjv0Ewqu7B1of7IKcAl2NrlHzJF2UADkY_4rnfWSB42J_EdBsfwkz9yQ9NazFzKXL0FWN-cLplC_d462paGgj-w8d9ERmdyE3KR5MKRWltuUlFbjJYWsySZbXCA-FM-y7gWNgiX-qmieFJk&amp;__tn__=-]K-R\">\u00c5pne D\u00f8rer &#8211; i tjeneste for forfulgte kristne<\/a>: Med Jesus til barna<\/p>\n\n\n\n<p>&#8211; Else Gyro Rysstad fr\u00e5 <a href=\"https:\/\/www.facebook.com\/hovdenrevy?__cft__[0]=AZWUhwwW0psoHCjNQHM164pqLpUcquj0eyI5_Ykc1NO6xE_gemxCgjv0Ewqu7B1of7IKcAl2NrlHzJF2UADkY_4rnfWSB42J_EdBsfwkz9yQ9NazFzKXL0FWN-cLplC_d462paGgj-w8d9ERmdyE3KR5MKRWltuUlFbjJYWsySZbXCA-FM-y7gWNgiX-qmieFJk&amp;__tn__=-]K-R\">Hovdenrevyen<\/a><\/p>\n\n\n\n<p>&#8211; Grete Fossen om Kundekveld <a href=\"https:\/\/www.facebook.com\/sentrumvalle?__cft__[0]=AZWUhwwW0psoHCjNQHM164pqLpUcquj0eyI5_Ykc1NO6xE_gemxCgjv0Ewqu7B1of7IKcAl2NrlHzJF2UADkY_4rnfWSB42J_EdBsfwkz9yQ9NazFzKXL0FWN-cLplC_d462paGgj-w8d9ERmdyE3KR5MKRWltuUlFbjJYWsySZbXCA-FM-y7gWNgiX-qmieFJk&amp;__tn__=-]K-R\">Valle Sentrumsforeining<\/a><\/p>\n\n\n\n<p>20.30 Postludium ved Siri Johannessen<\/p>\n\n\n\n<p>21.00 Kyrkjebakken<\/p>\n\n\n\n<p><strong>Onsdag 1. november 2023<\/strong><\/p>\n\n\n\n<p>19.00 Tankar fr\u00e5 Bibelen med H\u00e5vard Viki<\/p>\n\n\n\n<p>19.30 Kommunen informerer med Marit Jaab\u00e6k Brokke, rektor Valle skule<\/p>\n\n\n\n<p>20.00 Aktuell time med \u00d8rnulf<\/p>\n\n\n\n<p>&#8211; Opptak av <a href=\"https:\/\/www.facebook.com\/Kulturpatrulja?__cft__[0]=AZV7MOPYDWQ_HuJITwinAnZraCvXJO97961pBjBqcOnKIT5xZCsbeBgoB9vBvxmGSZW0B4g03tAj6g7zHcUdZ5qVjLmryfJzexPnQzXixxUVxMy5Du45vdIB7YiZH_nwbCbuO87bpn7efJIWbQ8KKTsa7VzDvlsolsdqbf9VO1MN7w&amp;__tn__=-]K-R\">Kulturpatrulja<\/a> 10 \u00e5r<\/p>\n\n\n\n<p>&#8211; <a><\/a>Intervju med NRK S\u00f8rlandets journalist Svein Sundsdal p\u00e5 <a href=\"https:\/\/www.facebook.com\/setesdalskonferansen?__cft__[0]=AZV7MOPYDWQ_HuJITwinAnZraCvXJO97961pBjBqcOnKIT5xZCsbeBgoB9vBvxmGSZW0B4g03tAj6g7zHcUdZ5qVjLmryfJzexPnQzXixxUVxMy5Du45vdIB7YiZH_nwbCbuO87bpn7efJIWbQ8KKTsa7VzDvlsolsdqbf9VO1MN7w&amp;__tn__=-]K-R\">Setesdalskonferansen<\/a><\/p>\n\n\n\n<p>&#8211; Samtale med Anna Slaby, marked p\u00e5 <a href=\"https:\/\/www.facebook.com\/brokkestoylen?__cft__[0]=AZV7MOPYDWQ_HuJITwinAnZraCvXJO97961pBjBqcOnKIT5xZCsbeBgoB9vBvxmGSZW0B4g03tAj6g7zHcUdZ5qVjLmryfJzexPnQzXixxUVxMy5Du45vdIB7YiZH_nwbCbuO87bpn7efJIWbQ8KKTsa7VzDvlsolsdqbf9VO1MN7w&amp;__tn__=-]K-R\">Brokkest\u00f8ylen<\/a><\/p>\n\n\n\n<p>21.00 Kristin Laasbye Sagneskar og \u00d8rnulf Hasla i studio<\/p>\n\n\n\n<figure class=\"wp-block-image size-large\"><img loading=\"lazy\" decoding=\"async\" width=\"1024\" height=\"768\" src=\"https:\/\/setesdalswiki.no\/blog\/wp-content\/uploads\/2023\/11\/image-1024x768.png\" alt=\"\" class=\"wp-image-20664977\" srcset=\"https:\/\/setesdalswiki.no\/blog\/wp-content\/uploads\/2023\/11\/image-1024x768.png 1024w, https:\/\/setesdalswiki.no\/blog\/wp-content\/uploads\/2023\/11\/image-300x225.png 300w, https:\/\/setesdalswiki.no\/blog\/wp-content\/uploads\/2023\/11\/image-768x576.png 768w, https:\/\/setesdalswiki.no\/blog\/wp-content\/uploads\/2023\/11\/image-1536x1152.png 1536w, https:\/\/setesdalswiki.no\/blog\/wp-content\/uploads\/2023\/11\/image.png 2048w\" sizes=\"(max-width: 1024px) 100vw, 1024px\" \/><\/figure>\n\n\n\n<figure class=\"wp-block-image\"><img decoding=\"async\" src=\"\" alt=\"\"\/><\/figure>\n\n\n\n<p><\/p>\n","protected":false},"excerpt":{"rendered":"<p>Eg pr\u00f8ver \u00e5 f\u00e5 med programma for radioen p\u00e5 bloggen kvar veke. Det beste er om eg kan legge dei ut f\u00f8r sendingane, for d\u00e5 er det kanskje nokon som ser det og leitar seg fram til \u00e5 h\u00f8yre p\u00e5 nettet eller i radioen. Men om eg ikkje klarar det, kan det jo vere greit &hellip; <a href=\"https:\/\/setesdalswiki.no\/blog\/valle-radio-denne-veka\/\" class=\"more-link\">Les meir om <span class=\"screen-reader-text\">Valle Radio denne veka<\/span> <span class=\"meta-nav\">&rarr;<\/span><\/a><\/p>\n","protected":false},"author":2,"featured_media":0,"comment_status":"open","ping_status":"open","sticky":false,"template":"","format":"standard","meta":{"_s2mail":"yes","footnotes":""},"categories":[1],"tags":[],"class_list":["post-20664976","post","type-post","status-publish","format-standard","hentry","category-uncategorized"],"_links":{"self":[{"href":"https:\/\/setesdalswiki.no\/blog\/wp-json\/wp\/v2\/posts\/20664976"}],"collection":[{"href":"https:\/\/setesdalswiki.no\/blog\/wp-json\/wp\/v2\/posts"}],"about":[{"href":"https:\/\/setesdalswiki.no\/blog\/wp-json\/wp\/v2\/types\/post"}],"author":[{"embeddable":true,"href":"https:\/\/setesdalswiki.no\/blog\/wp-json\/wp\/v2\/users\/2"}],"replies":[{"embeddable":true,"href":"https:\/\/setesdalswiki.no\/blog\/wp-json\/wp\/v2\/comments?post=20664976"}],"version-history":[{"count":1,"href":"https:\/\/setesdalswiki.no\/blog\/wp-json\/wp\/v2\/posts\/20664976\/revisions"}],"predecessor-version":[{"id":20664978,"href":"https:\/\/setesdalswiki.no\/blog\/wp-json\/wp\/v2\/posts\/20664976\/revisions\/20664978"}],"wp:attachment":[{"href":"https:\/\/setesdalswiki.no\/blog\/wp-json\/wp\/v2\/media?parent=20664976"}],"wp:term":[{"taxonomy":"category","embeddable":true,"href":"https:\/\/setesdalswiki.no\/blog\/wp-json\/wp\/v2\/categories?post=20664976"},{"taxonomy":"post_tag","embeddable":true,"href":"https:\/\/setesdalswiki.no\/blog\/wp-json\/wp\/v2\/tags?post=20664976"}],"curies":[{"name":"wp","href":"https:\/\/api.w.org\/{rel}","templated":true}]}}