{"id":20663710,"date":"2021-12-22T23:58:55","date_gmt":"2021-12-22T22:58:55","guid":{"rendered":"https:\/\/blog.setesdalswiki.no\/?p=20663710"},"modified":"2021-12-22T23:58:55","modified_gmt":"2021-12-22T22:58:55","slug":"ny-veg","status":"publish","type":"post","link":"https:\/\/setesdalswiki.no\/blog\/ny-veg\/","title":{"rendered":"Ny veg"},"content":{"rendered":"<p>I dag opna ein parsell av ny E39 mellom Mandal og Kristiansand. Eg hadde ein avtale om \u00e5 pr\u00f8ve nye sko hos Blanchford i S\u00f8rlandsparken klokka 10, og d\u00e5 vi var p\u00e5 heimveg noko over 11, s\u00e5g vi at det var endring p\u00e5 gang. Truleg kunne vi kj\u00f8rt p\u00e5 den nye parsellen d\u00e5, men vi skj\u00f8na ikkje heilt kva det var, s\u00e5 Helge og eg valde gamlevegen. Men seinare i ettermiddag tok Helge ein tur til Mandal for \u00e5 vaske bilen, og d\u00e5 fekk han pr\u00f8vd nyvegen med 110 km fartsgrense. Bomfri skal han ogs\u00e5 vere i alle fall til nytt\u00e5r, kan hende lenger ogs\u00e5.<\/p>\n<p>Det f\u00f8rer neppe til noko rush av reiser, for Helsestyresmaktene seier at vi m\u00e5 droppe joleselskap og slikt for ikkje \u00e5 spreie den nye varianten Omikron-viruset. Vi ventar likevel Margunn og Stein i morgon for \u00e5 feire jul saman. I kveld snakka vi ogs\u00e5 p\u00e5 Skype med familien p\u00e5 Valder\u00f8ya og \u00f8nska dei god jol.<\/p>\n<p>P\u00e5 Setesdalswiki har Geir funne vegen ned i Fl\u00e5t gruve og legg ut fleire artiklar om den, medan eg har leita fram stoff om julesangar.<\/p>\n<p><img decoding=\"async\" src=\"https:\/\/scontent.fosl3-2.fna.fbcdn.net\/v\/t39.30808-6\/p843x403\/269692233_10220184082823313_7443330921058625572_n.jpg?_nc_cat=111&amp;ccb=1-5&amp;_nc_sid=730e14&amp;_nc_ohc=AINcodCDSEgAX8qrM7-&amp;_nc_ht=scontent.fosl3-2.fna&amp;oh=00_AT8o0lZfyr0f_Z8fa5yNlBIuGv6fGLCHumrmiwP7SHMnMg&amp;oe=61C850FB\" alt=\"Kan v\u00e6re et bilde av 3 personer og folk som st\u00e5r\" \/><\/p>\n","protected":false},"excerpt":{"rendered":"<p>I dag opna ein parsell av ny E39 mellom Mandal og Kristiansand. Eg hadde ein avtale om \u00e5 pr\u00f8ve nye sko hos Blanchford i S\u00f8rlandsparken klokka 10, og d\u00e5 vi var p\u00e5 heimveg noko over 11, s\u00e5g vi at det var endring p\u00e5 gang. Truleg kunne vi kj\u00f8rt p\u00e5 den nye parsellen d\u00e5, men vi &hellip; <a href=\"https:\/\/setesdalswiki.no\/blog\/ny-veg\/\" class=\"more-link\">Les meir om <span class=\"screen-reader-text\">Ny veg<\/span> <span class=\"meta-nav\">&rarr;<\/span><\/a><\/p>\n","protected":false},"author":2,"featured_media":0,"comment_status":"open","ping_status":"open","sticky":false,"template":"","format":"standard","meta":{"_s2mail":"yes","footnotes":""},"categories":[6],"tags":[],"class_list":["post-20663710","post","type-post","status-publish","format-standard","hentry","category-ymse"],"_links":{"self":[{"href":"https:\/\/setesdalswiki.no\/blog\/wp-json\/wp\/v2\/posts\/20663710"}],"collection":[{"href":"https:\/\/setesdalswiki.no\/blog\/wp-json\/wp\/v2\/posts"}],"about":[{"href":"https:\/\/setesdalswiki.no\/blog\/wp-json\/wp\/v2\/types\/post"}],"author":[{"embeddable":true,"href":"https:\/\/setesdalswiki.no\/blog\/wp-json\/wp\/v2\/users\/2"}],"replies":[{"embeddable":true,"href":"https:\/\/setesdalswiki.no\/blog\/wp-json\/wp\/v2\/comments?post=20663710"}],"version-history":[{"count":1,"href":"https:\/\/setesdalswiki.no\/blog\/wp-json\/wp\/v2\/posts\/20663710\/revisions"}],"predecessor-version":[{"id":20663711,"href":"https:\/\/setesdalswiki.no\/blog\/wp-json\/wp\/v2\/posts\/20663710\/revisions\/20663711"}],"wp:attachment":[{"href":"https:\/\/setesdalswiki.no\/blog\/wp-json\/wp\/v2\/media?parent=20663710"}],"wp:term":[{"taxonomy":"category","embeddable":true,"href":"https:\/\/setesdalswiki.no\/blog\/wp-json\/wp\/v2\/categories?post=20663710"},{"taxonomy":"post_tag","embeddable":true,"href":"https:\/\/setesdalswiki.no\/blog\/wp-json\/wp\/v2\/tags?post=20663710"}],"curies":[{"name":"wp","href":"https:\/\/api.w.org\/{rel}","templated":true}]}}