{"id":20663649,"date":"2021-11-29T23:59:11","date_gmt":"2021-11-29T22:59:11","guid":{"rendered":"https:\/\/blog.setesdalswiki.no\/?p=20663649"},"modified":"2021-11-29T23:59:11","modified_gmt":"2021-11-29T22:59:11","slug":"vinterleg","status":"publish","type":"post","link":"https:\/\/setesdalswiki.no\/blog\/vinterleg\/","title":{"rendered":"Vinterleg"},"content":{"rendered":"<p>Ogs\u00e5 her ute ved kysten er det vinterleg no. Eg har funne fram ullteppe i senga, og sj\u00f8lv om vi har varmepumpe, burde vi nok fyrt i omnen. Men vi har bestilt ny omn og gjort klar for utskifting, s\u00e5 vi syter med \u00e5 bruke han.<\/p>\n<p>Men her hos oss er det knapt sn\u00f8, det er bare kaldt, tre-fire minusgrader var det i dag, men no regnar det, f\u00f8r det visst skal kome sn\u00f8 i morgon.<\/p>\n<p>Men i morgon er det ny sending i Valle Radio, og d\u00e5 skal eg vere med ein halv time og snakke med H\u00e5vard Rem, som kjem i Valle folkeakademi fredag saman med sonen Simen. Dei skal presentere ei plate dei har laga.<\/p>\n<p>Eg sende dette til Setesd\u00f8len i dag om programmet:<\/p>\n<p>Fredag f\u00e5r Valle folkeakademi bes\u00f8k av H\u00e5vard Rem og sonen Simen Rem. Difor vert det ein samtale i Valle Radio tysdagskvelden.\u00a0Diktaren har sterke r\u00f8tter til S\u00f8rlandet og sj\u00f8lv seier at han kjem fr\u00e5 S\u00f8rlandsbanen n\u00e5r han f\u00e5r sp\u00f8rsm\u00e5l om kor han er fr\u00e5. No bur han i Oslo, men har ogs\u00e5 budd i Frankrike og Italia, Av mange verk er kanskje Cohen p\u00e5 norsk eitt av dei meir kjente, og ofte kan ein h\u00f8yre sangen Som en spurv p\u00e5 en snor, ein tekst han har gjendikta. Elles kan ein ogs\u00e5 f\u00e5 med seg ei oppdatering om koronasituasjonen\u00a0i \u00d8vre Setesdal og Jule-Gaither p\u00e5 Finsland i sendinga tysdagskvelden, som ogs\u00e5 har plass til Postludium med Niklos K. Besteland.<\/p>\n<p>Her er programmet:<\/p>\n<p>Tirsdag 30. november<br \/>\nAnsvarlig og tekniker: Siri Johannessen<br \/>\n18.00 Kvarteret, programinformasjon og k\u00e5seri ved Asbj\u00f8rn Kvalbein<br \/>\n(Norea)<br \/>\n18.15 Andakt fra Norea Mediemisjon, ved Jan Erik Lehre (Norea)<br \/>\n18.30 Sangtime<br \/>\n19.30 Timen: Kommuneoverlege\u00a0Benedicte Severinsen i Valle, H\u00e5vard Rem i samtale med Harald Haugland, og Jan K\u00e5re Haugland fra Finsland Gaither Music Club Norge<br \/>\n20.30 Postludium ved Niklos K. Besteland<br \/>\n21.00 Kyrkjebakken<\/p>\n<p>NETTRADIO via\u00a0<a href=\"http:\/\/www.valleradio.com\/\" target=\"_blank\" rel=\"noopener noreferrer\" data-saferedirecturl=\"https:\/\/www.google.com\/url?q=http:\/\/www.valleradio.com\/&amp;source=gmail&amp;ust=1638223153728000&amp;usg=AOvVaw3wo4IYLDQFOXQM_K1PIVag\">http:\/\/www.valleradio.com<\/a><\/p>\n","protected":false},"excerpt":{"rendered":"<p>Ogs\u00e5 her ute ved kysten er det vinterleg no. Eg har funne fram ullteppe i senga, og sj\u00f8lv om vi har varmepumpe, burde vi nok fyrt i omnen. Men vi har bestilt ny omn og gjort klar for utskifting, s\u00e5 vi syter med \u00e5 bruke han. Men her hos oss er det knapt sn\u00f8, det &hellip; <a href=\"https:\/\/setesdalswiki.no\/blog\/vinterleg\/\" class=\"more-link\">Les meir om <span class=\"screen-reader-text\">Vinterleg<\/span> <span class=\"meta-nav\">&rarr;<\/span><\/a><\/p>\n","protected":false},"author":2,"featured_media":0,"comment_status":"open","ping_status":"open","sticky":false,"template":"","format":"standard","meta":{"_s2mail":"yes","footnotes":""},"categories":[6],"tags":[],"class_list":["post-20663649","post","type-post","status-publish","format-standard","hentry","category-ymse"],"_links":{"self":[{"href":"https:\/\/setesdalswiki.no\/blog\/wp-json\/wp\/v2\/posts\/20663649"}],"collection":[{"href":"https:\/\/setesdalswiki.no\/blog\/wp-json\/wp\/v2\/posts"}],"about":[{"href":"https:\/\/setesdalswiki.no\/blog\/wp-json\/wp\/v2\/types\/post"}],"author":[{"embeddable":true,"href":"https:\/\/setesdalswiki.no\/blog\/wp-json\/wp\/v2\/users\/2"}],"replies":[{"embeddable":true,"href":"https:\/\/setesdalswiki.no\/blog\/wp-json\/wp\/v2\/comments?post=20663649"}],"version-history":[{"count":1,"href":"https:\/\/setesdalswiki.no\/blog\/wp-json\/wp\/v2\/posts\/20663649\/revisions"}],"predecessor-version":[{"id":20663650,"href":"https:\/\/setesdalswiki.no\/blog\/wp-json\/wp\/v2\/posts\/20663649\/revisions\/20663650"}],"wp:attachment":[{"href":"https:\/\/setesdalswiki.no\/blog\/wp-json\/wp\/v2\/media?parent=20663649"}],"wp:term":[{"taxonomy":"category","embeddable":true,"href":"https:\/\/setesdalswiki.no\/blog\/wp-json\/wp\/v2\/categories?post=20663649"},{"taxonomy":"post_tag","embeddable":true,"href":"https:\/\/setesdalswiki.no\/blog\/wp-json\/wp\/v2\/tags?post=20663649"}],"curies":[{"name":"wp","href":"https:\/\/api.w.org\/{rel}","templated":true}]}}