{"id":20663646,"date":"2021-11-28T23:59:40","date_gmt":"2021-11-28T22:59:40","guid":{"rendered":"https:\/\/blog.setesdalswiki.no\/?p=20663646"},"modified":"2021-11-28T23:59:40","modified_gmt":"2021-11-28T22:59:40","slug":"advent-5","status":"publish","type":"post","link":"https:\/\/setesdalswiki.no\/blog\/advent-5\/","title":{"rendered":"Advent"},"content":{"rendered":"<p>P\u00e5 f\u00f8rste s\u00f8ndag i advent markerte Mandal menighet at det er 200 \u00e5r sidan den store kyrkja i byen vart teken i bruk. Den gamle kyrkja gjekk med i ein stor brann i 1810 og det vart dyrt for b\u00f8ndene \u00e5 reise den nye kyrkja. D\u00e5 var det dei som var eigarane, danskekongen hadde seld alle kyrkjene for \u00e5 f\u00e5 pengar til ein krig mange \u00e5r tidlegare.<\/p>\n<p>Det er gjort eit stort restaureringsarbeid f\u00f8r kyrkja no vart teken i bruk att, ho skin nym\u00e5la og flott, t\u00e5rnet var nede, men er no kome p\u00e5 plass att, og orgelet, eitt av to attverande her i landet i sitt slag,\u00a0 er restaurert, Overf\u00f8ringa i radio p\u00e5 NRK var flott, det var biispevisitas, s\u00e5 biskopen talte og soknepresten var liturg, det var korsong og nyskiven tekst av Eivind Skeie, tonesett av organist Britt Turid Madsen til opning og god sang elles.<\/p>\n<p>Eg skulle nok ha vore der saman med kyrkjelyden, for den var p\u00e5 om lag 3-400, ofte er det fleire til gudsteneste, s\u00e5 det var kanskje mange som valde \u00e5 gjere som meg og h\u00f8yre p\u00e5 radio. Etter gudstenesta var det kyrkjekaffe og sidan var det visitasforedrag. Komande veke er det eit stort program for markering av jubileet.<\/p>\n<p>B\u00e5de staten og kommunen har lagt mykje pengar p\u00e5 bordet for \u00e5 betale for restaureringa, eg trur det var 80 millionar kroner til saman. Sj\u00f8lv om det ikkje er arbeidskyrkje i moderne forstand, er det eit stort arbeid som vert gjort med utgangspunkt i kyrkja i tillegg til kyrkjelege handlingar og gudstenester.<\/p>\n<p>&nbsp;<\/p>\n","protected":false},"excerpt":{"rendered":"<p>P\u00e5 f\u00f8rste s\u00f8ndag i advent markerte Mandal menighet at det er 200 \u00e5r sidan den store kyrkja i byen vart teken i bruk. Den gamle kyrkja gjekk med i ein stor brann i 1810 og det vart dyrt for b\u00f8ndene \u00e5 reise den nye kyrkja. D\u00e5 var det dei som var eigarane, danskekongen hadde seld &hellip; <a href=\"https:\/\/setesdalswiki.no\/blog\/advent-5\/\" class=\"more-link\">Les meir om <span class=\"screen-reader-text\">Advent<\/span> <span class=\"meta-nav\">&rarr;<\/span><\/a><\/p>\n","protected":false},"author":2,"featured_media":0,"comment_status":"open","ping_status":"open","sticky":false,"template":"","format":"standard","meta":{"_s2mail":"yes","footnotes":""},"categories":[6],"tags":[],"class_list":["post-20663646","post","type-post","status-publish","format-standard","hentry","category-ymse"],"_links":{"self":[{"href":"https:\/\/setesdalswiki.no\/blog\/wp-json\/wp\/v2\/posts\/20663646"}],"collection":[{"href":"https:\/\/setesdalswiki.no\/blog\/wp-json\/wp\/v2\/posts"}],"about":[{"href":"https:\/\/setesdalswiki.no\/blog\/wp-json\/wp\/v2\/types\/post"}],"author":[{"embeddable":true,"href":"https:\/\/setesdalswiki.no\/blog\/wp-json\/wp\/v2\/users\/2"}],"replies":[{"embeddable":true,"href":"https:\/\/setesdalswiki.no\/blog\/wp-json\/wp\/v2\/comments?post=20663646"}],"version-history":[{"count":2,"href":"https:\/\/setesdalswiki.no\/blog\/wp-json\/wp\/v2\/posts\/20663646\/revisions"}],"predecessor-version":[{"id":20663648,"href":"https:\/\/setesdalswiki.no\/blog\/wp-json\/wp\/v2\/posts\/20663646\/revisions\/20663648"}],"wp:attachment":[{"href":"https:\/\/setesdalswiki.no\/blog\/wp-json\/wp\/v2\/media?parent=20663646"}],"wp:term":[{"taxonomy":"category","embeddable":true,"href":"https:\/\/setesdalswiki.no\/blog\/wp-json\/wp\/v2\/categories?post=20663646"},{"taxonomy":"post_tag","embeddable":true,"href":"https:\/\/setesdalswiki.no\/blog\/wp-json\/wp\/v2\/tags?post=20663646"}],"curies":[{"name":"wp","href":"https:\/\/api.w.org\/{rel}","templated":true}]}}