{"id":20663644,"date":"2021-11-27T23:59:15","date_gmt":"2021-11-27T22:59:15","guid":{"rendered":"https:\/\/blog.setesdalswiki.no\/?p=20663644"},"modified":"2021-11-28T00:04:15","modified_gmt":"2021-11-27T23:04:15","slug":"stern","status":"publish","type":"post","link":"https:\/\/setesdalswiki.no\/blog\/stern\/","title":{"rendered":"Stern"},"content":{"rendered":"<p>Det tyske magasinet Stern var i sentrum for ein stor strid i Evje og Hornnes skulestyre p\u00e5 1980-talet. I Setesd\u00f8len denne veka vart saka nemnd i ein tekst der gamleordf\u00f8raren Asbj\u00f8rn Kjetsaa vart spurd om kva han hugsa best fr\u00e5 tida som ordf\u00f8rar.<\/p>\n<p>Saka handla om at Tom Haugland, l\u00e6rar p\u00e5 Evje ungdomsskule nytta bladet i tyskundervisninga og hadde difor kj\u00f8pt inn klassesett. S\u00e5 hadde han laga undervisningsopplegg for nokre av desse artiklane. Men bladet var ikkje bare greitt, for det var mange bilder av nakne damer i det, og nestleiaren i skulestyret, J\u00f8rgen H\u00f8getveit, fekk melding om saka. Han ville ha bladet bort fr\u00e5 skulen og meinte det ikkje h\u00f8vde til undervisning.<\/p>\n<p>D\u00e5 eg s\u00f8kte p\u00e5 Stern-saka p\u00e5 nettet, kom det fram ei heil bok som var skriven om saka. Det var J\u00f8rgen H\u00f8getveit som var forfattar,<\/p>\n<p>P\u00e5 den tida dette skjedde, budde eg i Vester\u00e5len, og der var nok saka om lektor Olav Hoaas sine nazi-sympatiar meir i fokus, s\u00e5 eg hugsa ingenting om det som skjedde p\u00e5 Evje, sj\u00f8lv om det ogs\u00e5 var skrive om det i nasjonale media. F\u00e6drelandsvennen st\u00f8tta Tom Haugland, men mange st\u00f8tta ogs\u00e5 J\u00f8rgen H\u00f8getveit.<\/p>\n<p>Her kan du lese heile boka om du vil friske opp saka, du og:<\/p>\n<p>http:\/\/www.kommentar-avisa.no\/Sternsaken.pdf<\/p>\n","protected":false},"excerpt":{"rendered":"<p>Det tyske magasinet Stern var i sentrum for ein stor strid i Evje og Hornnes skulestyre p\u00e5 1980-talet. I Setesd\u00f8len denne veka vart saka nemnd i ein tekst der gamleordf\u00f8raren Asbj\u00f8rn Kjetsaa vart spurd om kva han hugsa best fr\u00e5 tida som ordf\u00f8rar. Saka handla om at Tom Haugland, l\u00e6rar p\u00e5 Evje ungdomsskule nytta bladet &hellip; <a href=\"https:\/\/setesdalswiki.no\/blog\/stern\/\" class=\"more-link\">Les meir om <span class=\"screen-reader-text\">Stern<\/span> <span class=\"meta-nav\">&rarr;<\/span><\/a><\/p>\n","protected":false},"author":2,"featured_media":0,"comment_status":"open","ping_status":"open","sticky":false,"template":"","format":"standard","meta":{"_s2mail":"yes","footnotes":""},"categories":[6],"tags":[],"class_list":["post-20663644","post","type-post","status-publish","format-standard","hentry","category-ymse"],"_links":{"self":[{"href":"https:\/\/setesdalswiki.no\/blog\/wp-json\/wp\/v2\/posts\/20663644"}],"collection":[{"href":"https:\/\/setesdalswiki.no\/blog\/wp-json\/wp\/v2\/posts"}],"about":[{"href":"https:\/\/setesdalswiki.no\/blog\/wp-json\/wp\/v2\/types\/post"}],"author":[{"embeddable":true,"href":"https:\/\/setesdalswiki.no\/blog\/wp-json\/wp\/v2\/users\/2"}],"replies":[{"embeddable":true,"href":"https:\/\/setesdalswiki.no\/blog\/wp-json\/wp\/v2\/comments?post=20663644"}],"version-history":[{"count":1,"href":"https:\/\/setesdalswiki.no\/blog\/wp-json\/wp\/v2\/posts\/20663644\/revisions"}],"predecessor-version":[{"id":20663645,"href":"https:\/\/setesdalswiki.no\/blog\/wp-json\/wp\/v2\/posts\/20663644\/revisions\/20663645"}],"wp:attachment":[{"href":"https:\/\/setesdalswiki.no\/blog\/wp-json\/wp\/v2\/media?parent=20663644"}],"wp:term":[{"taxonomy":"category","embeddable":true,"href":"https:\/\/setesdalswiki.no\/blog\/wp-json\/wp\/v2\/categories?post=20663644"},{"taxonomy":"post_tag","embeddable":true,"href":"https:\/\/setesdalswiki.no\/blog\/wp-json\/wp\/v2\/tags?post=20663644"}],"curies":[{"name":"wp","href":"https:\/\/api.w.org\/{rel}","templated":true}]}}