{"id":20663299,"date":"2021-07-27T23:46:34","date_gmt":"2021-07-27T21:46:34","guid":{"rendered":"https:\/\/blog.setesdalswiki.no\/?p=20663299"},"modified":"2021-07-27T23:46:34","modified_gmt":"2021-07-27T21:46:34","slug":"gamaveke-og-folkemusikkhelg","status":"publish","type":"post","link":"https:\/\/setesdalswiki.no\/blog\/gamaveke-og-folkemusikkhelg\/","title":{"rendered":"Gamaveke og folkemusikkhelg"},"content":{"rendered":"<p>I kveldens sending var Amun L\u00f8vland og fortalde om gamaveka extreme som g\u00e5r f\u00f8re seg p\u00e5 Bygland denne veka. Det var f\u00e6rre deltakarar enn vanleg i \u00e5r, korona m\u00e5 nok ta skulda for det. Men fram mot helga skulle det kome fleire, s\u00e5 det blir nok h\u00f8ve til \u00e5 sj\u00e5 fine svev over Byglandsfjorden i dagane som kjem.<\/p>\n<p>For den som har lyst p\u00e5 ein luftseilas er det ogs\u00e5 mogleg \u00e5 f\u00e5 vere med, det skulle visst end\u00e5til kome ein som skulle vere med i rullestol.<\/p>\n<p>Setesdal folkeh\u00f8gskule har ei linje for friluftsliv der ein ogs\u00e5 kan drive paragliding og linjel\u00e6rar Severin Eilertsen fortalde om det f\u00f8r styreleiar Olav K. Hovet var med og fortalde meir om folkeh\u00f8gskulen generelt. Framleis er ikkje skulen heilt full, dei kan ha 80 elevar, og s\u00e5 mange trudde han ikkje dei kom til \u00e5 f\u00e5 i \u00e5r heller. Men dei skulle f\u00e5 ny rektor, eg noterte meg ikkje namnet, s\u00e5 det kjem nok ein annan gong.<\/p>\n<p>Siri Johannessen snakka ogs\u00e5 med Liv Bakke Kvinlog om Setesdal folkemusikkfestival. Ho er engasjert som leiar av festivalen og ho har allsidig bakgrunn for \u00e5 vere det. I \u00e5r vart det ikkje kappleik, bare konsertar, og mange hadde alt skaffa seg billettar. P\u00e5 grunn av korona var ogs\u00e5 der grenser for kor mange billettar som kunne seljast.<\/p>\n<p>Til slutt i kveldens sending fekk vi dette Postludium-programmet, det er jo olsok denne veka:<\/p>\n<div dir=\"auto\">* <a class=\"oajrlxb2 g5ia77u1 qu0x051f esr5mh6w e9989ue4 r7d6kgcz rq0escxv nhd2j8a9 nc684nl6 p7hjln8o kvgmc6g5 cxmmr5t8 oygrvhab hcukyx3x jb3vyjys rz4wbd8a qt6c0cv9 a8nywdso i1ao9s8h esuyzwwr f1sip0of lzcic4wl q66pz984 gpro0wi8 b1v8xokw\" tabindex=\"0\" role=\"link\" href=\"https:\/\/www.facebook.com\/groups\/217331258295489\/user\/641756011\/?__cft__[0]=AZW-s5Eu7hcWgtXaGVqKaRmZIhZnMwEuLbUxOqABMjg8mwt3O9VMp-Fofs5ca3lA9ixiFQoBUM2ZEjhtKFfrKcAjriMDqxXD-13cRl3-5hBauznXTUV-qeffUJzIwYZFZMrSji822c-OShHNY-Fjh0zHDpWzY3rzmOmulvG46W49mWXHZH5qTEKbS3eHb6Toy8M&amp;__tn__=-]K-R\"><span class=\"nc684nl6\">Trond Hans Farner Kverno<\/span><\/a>: &#8216;Intrada over hymnen Rex Olavus&#8217;, spilt av kantor <a class=\"oajrlxb2 g5ia77u1 qu0x051f esr5mh6w e9989ue4 r7d6kgcz rq0escxv nhd2j8a9 nc684nl6 p7hjln8o kvgmc6g5 cxmmr5t8 oygrvhab hcukyx3x jb3vyjys rz4wbd8a qt6c0cv9 a8nywdso i1ao9s8h esuyzwwr f1sip0of lzcic4wl q66pz984 gpro0wi8 b1v8xokw\" tabindex=\"0\" role=\"link\" href=\"https:\/\/www.facebook.com\/groups\/217331258295489\/user\/516506146\/?__cft__[0]=AZW-s5Eu7hcWgtXaGVqKaRmZIhZnMwEuLbUxOqABMjg8mwt3O9VMp-Fofs5ca3lA9ixiFQoBUM2ZEjhtKFfrKcAjriMDqxXD-13cRl3-5hBauznXTUV-qeffUJzIwYZFZMrSji822c-OShHNY-Fjh0zHDpWzY3rzmOmulvG46W49mWXHZH5qTEKbS3eHb6Toy8M&amp;__tn__=-]K-R\"><span class=\"nc684nl6\">Arnfinn Tobiassen<\/span><\/a> p\u00e5 Rieger-orgelet i Bergen domkirke.<\/div>\n<div dir=\"auto\">* Hymnen Rex Olavus, oppf\u00f8rt av Schola Sanctae Sunnivae, ledet av Anne Kleivset.<\/div>\n<div dir=\"auto\">* Johan Kvandal: &#8216;Koralforspill over \u00abLjoset yver landet dagna\u00bb, spilt av kantor <a class=\"oajrlxb2 g5ia77u1 qu0x051f esr5mh6w e9989ue4 r7d6kgcz rq0escxv nhd2j8a9 nc684nl6 p7hjln8o kvgmc6g5 cxmmr5t8 oygrvhab hcukyx3x jb3vyjys rz4wbd8a qt6c0cv9 a8nywdso i1ao9s8h esuyzwwr f1sip0of lzcic4wl q66pz984 gpro0wi8 b1v8xokw\" tabindex=\"0\" role=\"link\" href=\"https:\/\/www.facebook.com\/groups\/217331258295489\/user\/516506146\/?__cft__[0]=AZW-s5Eu7hcWgtXaGVqKaRmZIhZnMwEuLbUxOqABMjg8mwt3O9VMp-Fofs5ca3lA9ixiFQoBUM2ZEjhtKFfrKcAjriMDqxXD-13cRl3-5hBauznXTUV-qeffUJzIwYZFZMrSji822c-OShHNY-Fjh0zHDpWzY3rzmOmulvG46W49mWXHZH5qTEKbS3eHb6Toy8M&amp;__tn__=-]K-R\"><span class=\"nc684nl6\">Arnfinn Tobiassen<\/span><\/a> p\u00e5 Verschueren-orgelet i V\u00e5r Frelsers kirke, Haugesund.<\/div>\n<div dir=\"auto\">* Ludvig Nielsen: Andre sats fra Fantasi over to gamle olsokmelodier, op. 4. \u00abDette er dagen som Herren har gjort\u00bb: \u00abToccata\u00bb, \u00abAntiphony\u00bb og \u00abChorale\u00bb. Spilt av <a class=\"oajrlxb2 g5ia77u1 qu0x051f esr5mh6w e9989ue4 r7d6kgcz rq0escxv nhd2j8a9 nc684nl6 p7hjln8o kvgmc6g5 cxmmr5t8 oygrvhab hcukyx3x jb3vyjys rz4wbd8a qt6c0cv9 a8nywdso i1ao9s8h esuyzwwr f1sip0of lzcic4wl q66pz984 gpro0wi8 b1v8xokw\" tabindex=\"0\" role=\"link\" href=\"https:\/\/www.facebook.com\/groups\/217331258295489\/user\/639970372\/?__cft__[0]=AZW-s5Eu7hcWgtXaGVqKaRmZIhZnMwEuLbUxOqABMjg8mwt3O9VMp-Fofs5ca3lA9ixiFQoBUM2ZEjhtKFfrKcAjriMDqxXD-13cRl3-5hBauznXTUV-qeffUJzIwYZFZMrSji822c-OShHNY-Fjh0zHDpWzY3rzmOmulvG46W49mWXHZH5qTEKbS3eHb6Toy8M&amp;__tn__=-]K-R\"><span class=\"nc684nl6\">Bj\u00f8rn Moe<\/span><\/a> p\u00e5 Steinmeyer-orgelet i Nidarosdomen.<\/div>\n","protected":false},"excerpt":{"rendered":"<p>I kveldens sending var Amun L\u00f8vland og fortalde om gamaveka extreme som g\u00e5r f\u00f8re seg p\u00e5 Bygland denne veka. Det var f\u00e6rre deltakarar enn vanleg i \u00e5r, korona m\u00e5 nok ta skulda for det. Men fram mot helga skulle det kome fleire, s\u00e5 det blir nok h\u00f8ve til \u00e5 sj\u00e5 fine svev over Byglandsfjorden i &hellip; <a href=\"https:\/\/setesdalswiki.no\/blog\/gamaveke-og-folkemusikkhelg\/\" class=\"more-link\">Les meir om <span class=\"screen-reader-text\">Gamaveke og folkemusikkhelg<\/span> <span class=\"meta-nav\">&rarr;<\/span><\/a><\/p>\n","protected":false},"author":2,"featured_media":0,"comment_status":"open","ping_status":"open","sticky":false,"template":"","format":"standard","meta":{"_s2mail":"yes","footnotes":""},"categories":[6],"tags":[],"class_list":["post-20663299","post","type-post","status-publish","format-standard","hentry","category-ymse"],"_links":{"self":[{"href":"https:\/\/setesdalswiki.no\/blog\/wp-json\/wp\/v2\/posts\/20663299"}],"collection":[{"href":"https:\/\/setesdalswiki.no\/blog\/wp-json\/wp\/v2\/posts"}],"about":[{"href":"https:\/\/setesdalswiki.no\/blog\/wp-json\/wp\/v2\/types\/post"}],"author":[{"embeddable":true,"href":"https:\/\/setesdalswiki.no\/blog\/wp-json\/wp\/v2\/users\/2"}],"replies":[{"embeddable":true,"href":"https:\/\/setesdalswiki.no\/blog\/wp-json\/wp\/v2\/comments?post=20663299"}],"version-history":[{"count":1,"href":"https:\/\/setesdalswiki.no\/blog\/wp-json\/wp\/v2\/posts\/20663299\/revisions"}],"predecessor-version":[{"id":20663300,"href":"https:\/\/setesdalswiki.no\/blog\/wp-json\/wp\/v2\/posts\/20663299\/revisions\/20663300"}],"wp:attachment":[{"href":"https:\/\/setesdalswiki.no\/blog\/wp-json\/wp\/v2\/media?parent=20663299"}],"wp:term":[{"taxonomy":"category","embeddable":true,"href":"https:\/\/setesdalswiki.no\/blog\/wp-json\/wp\/v2\/categories?post=20663299"},{"taxonomy":"post_tag","embeddable":true,"href":"https:\/\/setesdalswiki.no\/blog\/wp-json\/wp\/v2\/tags?post=20663299"}],"curies":[{"name":"wp","href":"https:\/\/api.w.org\/{rel}","templated":true}]}}