{"id":20663284,"date":"2021-07-24T23:28:05","date_gmt":"2021-07-24T21:28:05","guid":{"rendered":"https:\/\/blog.setesdalswiki.no\/?p=20663284"},"modified":"2021-07-24T23:28:05","modified_gmt":"2021-07-24T21:28:05","slug":"slattedag-2021","status":"publish","type":"post","link":"https:\/\/setesdalswiki.no\/blog\/slattedag-2021\/","title":{"rendered":"Sl\u00e5ttedag 2021"},"content":{"rendered":"<p>Det g\u00e5r visst mot slutten av godveret no, p\u00e5 m\u00e5ndag ventar vi nedb\u00f8r, etter det meteorologane meiner. Eg trur nok naturen kan ha godt av ei rotbl\u00f8yte, sj\u00f8lv om feriefolket nok helst ville hatt godver ei veke til.<\/p>\n<p>Vi har ein nabo som tek sl\u00e5tten for oss, Tor Arne Frivold. Han har stor respekt for FIdja, det l\u00e5gaste og v\u00e5taste jordet v\u00e5rt. D\u00e5 dei mudra bekken som skal ta unna vatnet, var det eit lite berg som ikkje vart sprengt, s\u00e5 p\u00e5 eit visst niv\u00e5, stoppar avrenninga. Difor m\u00e5 turken kome ovanfr\u00e5, og det er ikkje ofte at det er turt lenge nok til at han kan kome utp\u00e5. Men i dag gjekk det.<\/p>\n<p>Vi har ogs\u00e5 eit jorde bak husa v\u00e5re. Det treng \u00e5 bli sl\u00e5tt om det ikkje skal gro til, men det m\u00e5tte han utsette til neste \u00e5r, for i \u00e5r var graset blitt s\u00e5 h\u00f8gt at det var vanskeleg \u00e5 sj\u00e5 kva som var under. Om det var steinar og anna graps som kunne \u00f8ydelegge utstyret, s\u00e5 ville han helst sleppe det.<\/p>\n<p>Med i traktoren var vesle Laurits p\u00e5 to-tre \u00e5r. Ein skal tidleg kr\u00f8kjast om ein skal bli god krok, og det gjeld sikkert for traktorkj\u00f8ring ogs\u00e5.<\/p>\n<p><img decoding=\"async\" src=\"https:\/\/scontent.fosl3-1.fna.fbcdn.net\/v\/t39.30808-6\/222835027_10219450838652667_148845463579141827_n.jpg?_nc_cat=102&amp;ccb=1-3&amp;_nc_sid=730e14&amp;_nc_ohc=9pfyELsDOZwAX91zkrz&amp;_nc_ht=scontent.fosl3-1.fna&amp;oh=48ca09a0a63bca4e25f64bbee979c11d&amp;oe=61007B6E\" alt=\"Kan v\u00e6re et bilde av gress og natur\" \/><\/p>\n","protected":false},"excerpt":{"rendered":"<p>Det g\u00e5r visst mot slutten av godveret no, p\u00e5 m\u00e5ndag ventar vi nedb\u00f8r, etter det meteorologane meiner. Eg trur nok naturen kan ha godt av ei rotbl\u00f8yte, sj\u00f8lv om feriefolket nok helst ville hatt godver ei veke til. Vi har ein nabo som tek sl\u00e5tten for oss, Tor Arne Frivold. Han har stor respekt for &hellip; <a href=\"https:\/\/setesdalswiki.no\/blog\/slattedag-2021\/\" class=\"more-link\">Les meir om <span class=\"screen-reader-text\">Sl\u00e5ttedag 2021<\/span> <span class=\"meta-nav\">&rarr;<\/span><\/a><\/p>\n","protected":false},"author":2,"featured_media":0,"comment_status":"open","ping_status":"open","sticky":false,"template":"","format":"standard","meta":{"_s2mail":"yes","footnotes":""},"categories":[6],"tags":[],"class_list":["post-20663284","post","type-post","status-publish","format-standard","hentry","category-ymse"],"_links":{"self":[{"href":"https:\/\/setesdalswiki.no\/blog\/wp-json\/wp\/v2\/posts\/20663284"}],"collection":[{"href":"https:\/\/setesdalswiki.no\/blog\/wp-json\/wp\/v2\/posts"}],"about":[{"href":"https:\/\/setesdalswiki.no\/blog\/wp-json\/wp\/v2\/types\/post"}],"author":[{"embeddable":true,"href":"https:\/\/setesdalswiki.no\/blog\/wp-json\/wp\/v2\/users\/2"}],"replies":[{"embeddable":true,"href":"https:\/\/setesdalswiki.no\/blog\/wp-json\/wp\/v2\/comments?post=20663284"}],"version-history":[{"count":1,"href":"https:\/\/setesdalswiki.no\/blog\/wp-json\/wp\/v2\/posts\/20663284\/revisions"}],"predecessor-version":[{"id":20663285,"href":"https:\/\/setesdalswiki.no\/blog\/wp-json\/wp\/v2\/posts\/20663284\/revisions\/20663285"}],"wp:attachment":[{"href":"https:\/\/setesdalswiki.no\/blog\/wp-json\/wp\/v2\/media?parent=20663284"}],"wp:term":[{"taxonomy":"category","embeddable":true,"href":"https:\/\/setesdalswiki.no\/blog\/wp-json\/wp\/v2\/categories?post=20663284"},{"taxonomy":"post_tag","embeddable":true,"href":"https:\/\/setesdalswiki.no\/blog\/wp-json\/wp\/v2\/tags?post=20663284"}],"curies":[{"name":"wp","href":"https:\/\/api.w.org\/{rel}","templated":true}]}}