{"id":20663216,"date":"2021-06-29T23:00:06","date_gmt":"2021-06-29T21:00:06","guid":{"rendered":"https:\/\/blog.setesdalswiki.no\/?p=20663216"},"modified":"2021-06-29T23:00:06","modified_gmt":"2021-06-29T21:00:06","slug":"utsettng","status":"publish","type":"post","link":"https:\/\/setesdalswiki.no\/blog\/utsettng\/","title":{"rendered":"Utsettng"},"content":{"rendered":"<p>Kveldens\u00a0 sending i Valle Radio m\u00e5tte utsetjast til neste veke. Etter det eg fekk vite, var det m\u00f8te i Bykle kommunestyre. Sj\u00f8lv om tysdagssendinga skal prioriterast, blir det jo ikkje sending n\u00e5r Bykle Radio, som Valle Radio sender programma gjennom, sender kommunestyrem\u00f8te. Valle Radio kunne jo bare streama sendinga, men d\u00e5 n\u00e5r ein ikkje lyttarane p\u00e5 FM.<\/p>\n<p>Dermed fekk eg god tid til \u00e5 sj\u00e5 fotballkamp i staden for \u00e5 h\u00f8yre p\u00e5 Valle Radio. I pausen mellom kampane hadde vi kaffe p\u00e5 terrassen, og d\u00e5 tok eg bildet Blomstrende S\u00f8rland, som eg la ut p\u00e5 Facebook.<\/p>\n<p>Opprinneleg var dette ei bok som kom ut i 1994 der Dagfinn Tveito i Hageselskapet presenterte hagar rundt om i Agder. Boka vart omtalt slik:<\/p>\n<p>Boka har sin tittel fra et fellestiltak der samtlige kommuner i begge Agder-fylkene deltok, med lokallagene i Det norske hageselskap som ideskapere og samarbeidspartnere. M\u00e5let var at b\u00e5de blomster, n\u00e6rings- og friluftsliv, og alle fritidsgoder skulle blomstre som aldri f\u00f8r. Boka er en kombinasjon av prosa, lyrikk, natur- og hageinformasjon, og gis ut i samarbeid med styringsgruppen for dette tiltaket. Illustrert.<\/p>\n<p><img decoding=\"async\" src=\"https:\/\/scontent.fosl3-1.fna.fbcdn.net\/v\/t1.6435-9\/p843x403\/207671133_10219315163340869_2028094445626443615_n.jpg?_nc_cat=100&amp;ccb=1-3&amp;_nc_sid=730e14&amp;_nc_ohc=2vI-0LK7suUAX_m1fPM&amp;_nc_ht=scontent.fosl3-1.fna&amp;tp=6&amp;oh=e81e7737cd2bd8c556a7cd734af2c786&amp;oe=60E01E4B\" alt=\"Kan v\u00e6re et bilde av 1 person og blomst\" \/><\/p>\n","protected":false},"excerpt":{"rendered":"<p>Kveldens\u00a0 sending i Valle Radio m\u00e5tte utsetjast til neste veke. Etter det eg fekk vite, var det m\u00f8te i Bykle kommunestyre. Sj\u00f8lv om tysdagssendinga skal prioriterast, blir det jo ikkje sending n\u00e5r Bykle Radio, som Valle Radio sender programma gjennom, sender kommunestyrem\u00f8te. Valle Radio kunne jo bare streama sendinga, men d\u00e5 n\u00e5r ein ikkje lyttarane &hellip; <a href=\"https:\/\/setesdalswiki.no\/blog\/utsettng\/\" class=\"more-link\">Les meir om <span class=\"screen-reader-text\">Utsettng<\/span> <span class=\"meta-nav\">&rarr;<\/span><\/a><\/p>\n","protected":false},"author":2,"featured_media":0,"comment_status":"open","ping_status":"open","sticky":false,"template":"","format":"standard","meta":{"_s2mail":"yes","footnotes":""},"categories":[6],"tags":[],"class_list":["post-20663216","post","type-post","status-publish","format-standard","hentry","category-ymse"],"_links":{"self":[{"href":"https:\/\/setesdalswiki.no\/blog\/wp-json\/wp\/v2\/posts\/20663216"}],"collection":[{"href":"https:\/\/setesdalswiki.no\/blog\/wp-json\/wp\/v2\/posts"}],"about":[{"href":"https:\/\/setesdalswiki.no\/blog\/wp-json\/wp\/v2\/types\/post"}],"author":[{"embeddable":true,"href":"https:\/\/setesdalswiki.no\/blog\/wp-json\/wp\/v2\/users\/2"}],"replies":[{"embeddable":true,"href":"https:\/\/setesdalswiki.no\/blog\/wp-json\/wp\/v2\/comments?post=20663216"}],"version-history":[{"count":1,"href":"https:\/\/setesdalswiki.no\/blog\/wp-json\/wp\/v2\/posts\/20663216\/revisions"}],"predecessor-version":[{"id":20663217,"href":"https:\/\/setesdalswiki.no\/blog\/wp-json\/wp\/v2\/posts\/20663216\/revisions\/20663217"}],"wp:attachment":[{"href":"https:\/\/setesdalswiki.no\/blog\/wp-json\/wp\/v2\/media?parent=20663216"}],"wp:term":[{"taxonomy":"category","embeddable":true,"href":"https:\/\/setesdalswiki.no\/blog\/wp-json\/wp\/v2\/categories?post=20663216"},{"taxonomy":"post_tag","embeddable":true,"href":"https:\/\/setesdalswiki.no\/blog\/wp-json\/wp\/v2\/tags?post=20663216"}],"curies":[{"name":"wp","href":"https:\/\/api.w.org\/{rel}","templated":true}]}}