{"id":20663213,"date":"2021-06-28T23:15:14","date_gmt":"2021-06-28T21:15:14","guid":{"rendered":"https:\/\/blog.setesdalswiki.no\/?p=20663213"},"modified":"2021-06-29T00:01:50","modified_gmt":"2021-06-28T22:01:50","slug":"reiseradioen","status":"publish","type":"post","link":"https:\/\/setesdalswiki.no\/blog\/reiseradioen\/","title":{"rendered":"Reiseradioen"},"content":{"rendered":"<p>N\u00e5r sommaren kjem, kjem ogs\u00e5 Reiseradioen p\u00e5 NRK. Nitimen g\u00e5r i sommarmodus og den blir kalla Reiseradioen. I morgon kjem programmet til Valle Radio n\u00e5r Siri Johannessen snakkar med Webj\u00f8rn S. Espeland. Wikipedia har artikkel om han, der st\u00e5r det<\/p>\n<p><b>Webj\u00f8rn Svendsen Espeland<\/b>\u00a0(f\u00f8dt\u00a0<a title=\"31. mai\" href=\"https:\/\/no.wikipedia.org\/wiki\/31._mai\">31. mai<\/a>\u00a0<a title=\"1979\" href=\"https:\/\/no.wikipedia.org\/wiki\/1979\">1979<\/a>\u00a0i\u00a0<a class=\"mw-redirect\" title=\"B\u00f8 i Telemark\" href=\"https:\/\/no.wikipedia.org\/wiki\/B%C3%B8_i_Telemark\">B\u00f8 i Telemark<\/a>) er en norsk journalist, radiostemme, forfatter og dokumentarskaper. Han er kjent som blant annet programleder for\u00a0<i><a title=\"Reiseradioen\" href=\"https:\/\/no.wikipedia.org\/wiki\/Reiseradioen\">Reiseradioen<\/a><\/i>,\u00a0<i><a title=\"L\u00f8rdagsbarnetimen\" href=\"https:\/\/no.wikipedia.org\/wiki\/L%C3%B8rdagsbarnetimen\">L\u00f8rdagsbarnetimen<\/a><\/i>\u00a0og\u00a0<i><a title=\"S\u00e5nn er livet\" href=\"https:\/\/no.wikipedia.org\/wiki\/S%C3%A5nn_er_livet\">S\u00e5nn er livet<\/a><\/i>. Han har ogs\u00e5 v\u00e6rt reporter for\u00a0<a title=\"NRK\" href=\"https:\/\/no.wikipedia.org\/wiki\/NRK\">NRK<\/a>\u00a0i\u00a0<a title=\"Beirut\" href=\"https:\/\/no.wikipedia.org\/wiki\/Beirut\">Beirut<\/a>\u00a0og\u00a0<a title=\"Berlin\" href=\"https:\/\/no.wikipedia.org\/wiki\/Berlin\">Berlin<\/a>, samt sk\u00f8ytekommentator for NRK TV.<\/p>\n<p>Espeland debuterte i radiosammenheng med underholdningsprogrammet\u00a0<i>Gladlaksen<\/i>\u00a0p\u00e5\u00a0<a title=\"Radio Midt-Telemark\" href=\"https:\/\/no.wikipedia.org\/wiki\/Radio_Midt-Telemark\">Radio Midt-Telemark<\/a>\u00a0i 1991, etter \u00e5 ha blitt lokal kjendis ved \u00e5 vinne sp\u00f8rreprogrammet\u00a0<i><a title=\"5P\u00c5!\" href=\"https:\/\/no.wikipedia.org\/wiki\/5P%C3%85!\">5P\u00c5!<\/a><\/i>\u00a0i Telemark. To \u00e5r senere hadde han stor suksess med sp\u00f8rreprogrammet\u00a0<i>Erru stam hell?<\/i>, hvor b\u00f8nder ble utfordra i kunnskapsquiz.<\/p>\n<p>I 2006 fant Espeland bevis for at trondheimsfiskeren\u00a0<a class=\"new\" title=\"Hans Peter Wiggen (siden finnes ikke)\" href=\"https:\/\/no.wikipedia.org\/w\/index.php?title=Hans_Peter_Wiggen&amp;action=edit&amp;redlink=1\">Hans Peter Wiggen<\/a>\u00a0var ansiktet bak reklame-ikonet\u00a0<a class=\"mw-redirect\" title=\"Tiedemanns Tobakk\" href=\"https:\/\/no.wikipedia.org\/wiki\/Tiedemanns_Tobakk\">Tiedemanns<\/a>\u00a0fisker. Han har produsert en rekke dokumentarer for web, radio og tv for NRK, samt tv-serien Utkant og flere radiokonsepter rundt juss og forbrukerrettigheter.<\/p>\n<p>F\u00f8r dette har ho hatt ein prat med Gunnar D. Ose. Han er leiar i Setesdal spelemannslag og vil fortelje om planane laget har for \u00e5rets kappleik, Setesdalsfestivalen og med Ella Uleberg fr\u00e5 Bykle og Valle kunstlag.<\/p>\n<p>Kveldens postludium er utvida med eit kvarter og er til minne om komponisten Thore Haukner.<\/p>\n<p><strong>Tirsdag 29. juni<\/strong><\/p>\n<div>Ansvarlig og tekniker: Siri Johannessen<\/div>\n<div>18.00 Kvarteret::Programinformasjon og k\u00e5seri av Asbj\u00f8rn Kvalbein fr\u00e5 Norea<\/div>\n<p>18.15\u00a0Over en \u00e5pen bibel fra Norea ved Arvid Hunemo<\/p>\n<div>18.30 Folkemusikktime med Gunnar D. Ose<\/div>\n<div>\n<div>19.30 Folk og musikk med m.a. Ella Uleberg fr\u00e5 Bykle og Valle kunstlag og Webj\u00f8rn S. Espeland fr\u00e5 Reiseradioen i NRK<\/div>\n<div><u>20.15<\/u>\u00a0Postludium til minne om Thore Haukner med Kjetil Bergheim<\/div>\n<div>\n<div>21.00 Kyrkjebakken<\/div>\n<\/div>\n<\/div>\n<div><\/div>\n<div>\n<div>\n<div>\n<div dir=\"ltr\">NETTRADIO via\u00a0<a href=\"http:\/\/www.valleradio.com\/\" target=\"_blank\" rel=\"noopener\" data-saferedirecturl=\"https:\/\/www.google.com\/url?q=http:\/\/www.valleradio.com\/&amp;source=gmail&amp;ust=1624984165550000&amp;usg=AFQjCNFJg2E9QXh3gcXLs5h0uPbve4GwIA\">http:\/\/www.valleradio.com<\/a><\/div>\n<\/div>\n<\/div>\n<\/div>\n","protected":false},"excerpt":{"rendered":"<p>N\u00e5r sommaren kjem, kjem ogs\u00e5 Reiseradioen p\u00e5 NRK. Nitimen g\u00e5r i sommarmodus og den blir kalla Reiseradioen. I morgon kjem programmet til Valle Radio n\u00e5r Siri Johannessen snakkar med Webj\u00f8rn S. Espeland. Wikipedia har artikkel om han, der st\u00e5r det Webj\u00f8rn Svendsen Espeland\u00a0(f\u00f8dt\u00a031. mai\u00a01979\u00a0i\u00a0B\u00f8 i Telemark) er en norsk journalist, radiostemme, forfatter og dokumentarskaper. Han &hellip; <a href=\"https:\/\/setesdalswiki.no\/blog\/reiseradioen\/\" class=\"more-link\">Les meir om <span class=\"screen-reader-text\">Reiseradioen<\/span> <span class=\"meta-nav\">&rarr;<\/span><\/a><\/p>\n","protected":false},"author":2,"featured_media":0,"comment_status":"open","ping_status":"open","sticky":false,"template":"","format":"standard","meta":{"_s2mail":"yes","footnotes":""},"categories":[6],"tags":[],"class_list":["post-20663213","post","type-post","status-publish","format-standard","hentry","category-ymse"],"_links":{"self":[{"href":"https:\/\/setesdalswiki.no\/blog\/wp-json\/wp\/v2\/posts\/20663213"}],"collection":[{"href":"https:\/\/setesdalswiki.no\/blog\/wp-json\/wp\/v2\/posts"}],"about":[{"href":"https:\/\/setesdalswiki.no\/blog\/wp-json\/wp\/v2\/types\/post"}],"author":[{"embeddable":true,"href":"https:\/\/setesdalswiki.no\/blog\/wp-json\/wp\/v2\/users\/2"}],"replies":[{"embeddable":true,"href":"https:\/\/setesdalswiki.no\/blog\/wp-json\/wp\/v2\/comments?post=20663213"}],"version-history":[{"count":2,"href":"https:\/\/setesdalswiki.no\/blog\/wp-json\/wp\/v2\/posts\/20663213\/revisions"}],"predecessor-version":[{"id":20663215,"href":"https:\/\/setesdalswiki.no\/blog\/wp-json\/wp\/v2\/posts\/20663213\/revisions\/20663215"}],"wp:attachment":[{"href":"https:\/\/setesdalswiki.no\/blog\/wp-json\/wp\/v2\/media?parent=20663213"}],"wp:term":[{"taxonomy":"category","embeddable":true,"href":"https:\/\/setesdalswiki.no\/blog\/wp-json\/wp\/v2\/categories?post=20663213"},{"taxonomy":"post_tag","embeddable":true,"href":"https:\/\/setesdalswiki.no\/blog\/wp-json\/wp\/v2\/tags?post=20663213"}],"curies":[{"name":"wp","href":"https:\/\/api.w.org\/{rel}","templated":true}]}}