{"id":20662372,"date":"2020-08-04T23:13:12","date_gmt":"2020-08-04T21:13:12","guid":{"rendered":"https:\/\/blog.setesdalswiki.no\/?p=20662372"},"modified":"2020-08-04T23:13:12","modified_gmt":"2020-08-04T21:13:12","slug":"kanskje-kommer-kongen","status":"publish","type":"post","link":"https:\/\/setesdalswiki.no\/blog\/kanskje-kommer-kongen\/","title":{"rendered":"Kanskje kommer kongen"},"content":{"rendered":"<p>D\u00e5 eg h\u00f8yrde p\u00e5 Valle radio i kveld, kom denne sangen til meg. For Siri Johannessen snakka med Else Gyro Rysstad om jubileet til Bykle kyrkje. Kyrkja er 400 \u00e5r i \u00e5r, men eg skj\u00f8na at jubileet er utsett til neste \u00e5r p\u00e5 grunn av korona-pandemien<\/p>\n<p>N\u00e5r ei kyrkje er s\u00e5 gammal, kan det vere p\u00e5 sin plass \u00e5 invitere kongen, og det vurderte sokner\u00e5dsleiaren i Bykle og sendte eit sp\u00f8rsm\u00e5l til post@slottet.no for \u00e5 hyre korleis ein gjekk fram. Men det vart med fors\u00f8ket, for korona sette ein stoppar, s\u00e5 ingen veit utfallet av saka, det ville slottet kome tilbake til neste \u00e5r.<\/p>\n<p>Men det ville vore litt av eit arrangement om s\u00e5 hadde skjedd. Ikkje bare ville geistlege dukka opp, ogs\u00e5 fylkesmann og andre innan styring og embetsverk ville ogs\u00e5 vore med p\u00e5 ei slik feiring. Men folk i Byle er glade i gamlekyrkja og ville nok stilt opp om s\u00e5 hadde skjedd.<\/p>\n<p>No er ikkje Else Gyro leiar av sokner\u00e5det lenger, s\u00e5 korleis det g\u00e5r vidare, det m\u00e5 nok andre fortelje seinare.<\/p>\n<p>Kveldens sending i Valle radio var for \u00f8vrig sterkt prega av Bykle. Tove Hertzberg snakka om ei ny bok som skulle kome ut i morgon, <em>Der reinen g\u00e5r, er jorda freda<\/em>. Ho var ansvarleg for utforming, Ragnhild Bj\u00e5en for det faglege innhaldet. Og s\u00e5 snakka Olav M. Holen om Vise-Taddeiv.<\/p>\n<p>Ogs\u00e5 p\u00e5 NRK S\u00f8rlandet var Bykle i fokus,\u00a0 der snakka eigaren av Bykle hotell om satsinga i Valle. Om Kongen kjem til Bykle neste \u00e5r, vil nok Bj\u00f8rn Erling Auestad og staben hans f\u00e5 nok \u00e5 gjere.<\/p>\n","protected":false},"excerpt":{"rendered":"<p>D\u00e5 eg h\u00f8yrde p\u00e5 Valle radio i kveld, kom denne sangen til meg. For Siri Johannessen snakka med Else Gyro Rysstad om jubileet til Bykle kyrkje. Kyrkja er 400 \u00e5r i \u00e5r, men eg skj\u00f8na at jubileet er utsett til neste \u00e5r p\u00e5 grunn av korona-pandemien N\u00e5r ei kyrkje er s\u00e5 gammal, kan det vere &hellip; <a href=\"https:\/\/setesdalswiki.no\/blog\/kanskje-kommer-kongen\/\" class=\"more-link\">Les meir om <span class=\"screen-reader-text\">Kanskje kommer kongen<\/span> <span class=\"meta-nav\">&rarr;<\/span><\/a><\/p>\n","protected":false},"author":2,"featured_media":0,"comment_status":"open","ping_status":"open","sticky":false,"template":"","format":"standard","meta":{"_s2mail":"yes","footnotes":""},"categories":[6],"tags":[],"class_list":["post-20662372","post","type-post","status-publish","format-standard","hentry","category-ymse"],"_links":{"self":[{"href":"https:\/\/setesdalswiki.no\/blog\/wp-json\/wp\/v2\/posts\/20662372"}],"collection":[{"href":"https:\/\/setesdalswiki.no\/blog\/wp-json\/wp\/v2\/posts"}],"about":[{"href":"https:\/\/setesdalswiki.no\/blog\/wp-json\/wp\/v2\/types\/post"}],"author":[{"embeddable":true,"href":"https:\/\/setesdalswiki.no\/blog\/wp-json\/wp\/v2\/users\/2"}],"replies":[{"embeddable":true,"href":"https:\/\/setesdalswiki.no\/blog\/wp-json\/wp\/v2\/comments?post=20662372"}],"version-history":[{"count":1,"href":"https:\/\/setesdalswiki.no\/blog\/wp-json\/wp\/v2\/posts\/20662372\/revisions"}],"predecessor-version":[{"id":20662373,"href":"https:\/\/setesdalswiki.no\/blog\/wp-json\/wp\/v2\/posts\/20662372\/revisions\/20662373"}],"wp:attachment":[{"href":"https:\/\/setesdalswiki.no\/blog\/wp-json\/wp\/v2\/media?parent=20662372"}],"wp:term":[{"taxonomy":"category","embeddable":true,"href":"https:\/\/setesdalswiki.no\/blog\/wp-json\/wp\/v2\/categories?post=20662372"},{"taxonomy":"post_tag","embeddable":true,"href":"https:\/\/setesdalswiki.no\/blog\/wp-json\/wp\/v2\/tags?post=20662372"}],"curies":[{"name":"wp","href":"https:\/\/api.w.org\/{rel}","templated":true}]}}