{"id":20662354,"date":"2020-07-21T23:53:16","date_gmt":"2020-07-21T21:53:16","guid":{"rendered":"https:\/\/blog.setesdalswiki.no\/?p=20662354"},"modified":"2020-07-21T23:53:16","modified_gmt":"2020-07-21T21:53:16","slug":"sauer-i-fjellet","status":"publish","type":"post","link":"https:\/\/setesdalswiki.no\/blog\/sauer-i-fjellet\/","title":{"rendered":"Sauer i fjellet"},"content":{"rendered":"<p>I kveld var det igjen sending i Valle radio. Siri Johannessen hadde laga eit variert program for ei sommarsending. Ho lurer nok litt p\u00e5 om det er mange som h\u00f8yrer p\u00e5 i denne tida, men truleg er det nokre som f\u00e5r det med seg anten p\u00e5 FM eller p\u00e5 nettradio.<\/p>\n<p>Eit tema i kveld var sauer i fjellet. D\u00e5 snakka ho med K\u00e5re Bl\u00e5lid fr\u00e5 Lillesand. Han er leiar i Aust-Agder Sau og Geit. I styret har han med seg Linn Kristin Flaten, Sven Reiersen, Trygve Steine og Jorunn Synn\u00f8ve Uppstad.<\/p>\n<p>K\u00e5re Bl\u00e5lid har sauene sine i omr\u00e5det nord for Bjrnevasshytta, Der har dei det godt om ein tenkjer p\u00e5 ville dyr som kunne jakte p\u00e5 dei. Men laushundar i fjellet er ei plage. I \u00e5r har han funne 5 sauer som er sprengt s\u00e5 dei d\u00f8yr. Det betyr det doble i morlause lam, og dei kan ofte vere vanskelege \u00e5 f\u00e5 inn om hausten. Sauene hadde GPS og kunne difor sporast. I g\u00e5r var han p\u00e5 heia for \u00e5 sj\u00e5 etter dyr utan GPS som ogs\u00e5 kunne vere borte, og han fann eitt I sendinga vart vi minna p\u00e5 at det er bandtvang fr\u00e5 1. april til 20. august, &#8211; uansett. I Valle er det end\u00e5til streng b\u00e5ndtvang, som han kalla det.<\/p>\n<p>N\u00e5r det gjeld sauer drepne i trafikk, s\u00e5 skje det sjeldan, men om det skjer, s\u00e5 er det viktig at sj\u00e5f\u00f8ren melder fr\u00e5. Det st\u00e5r navn og adresse p\u00e5 klaven til sauen, s\u00e5 det burde ikkje vere vanskeleg \u00e5 gje melding. Det er inga straff, men det h\u00f8yrer med til dyrevelferd at eigaren f\u00e5r ta hand om dyret n\u00e5r uhellet er ute.<\/p>\n","protected":false},"excerpt":{"rendered":"<p>I kveld var det igjen sending i Valle radio. Siri Johannessen hadde laga eit variert program for ei sommarsending. Ho lurer nok litt p\u00e5 om det er mange som h\u00f8yrer p\u00e5 i denne tida, men truleg er det nokre som f\u00e5r det med seg anten p\u00e5 FM eller p\u00e5 nettradio. Eit tema i kveld var &hellip; <a href=\"https:\/\/setesdalswiki.no\/blog\/sauer-i-fjellet\/\" class=\"more-link\">Les meir om <span class=\"screen-reader-text\">Sauer i fjellet<\/span> <span class=\"meta-nav\">&rarr;<\/span><\/a><\/p>\n","protected":false},"author":2,"featured_media":0,"comment_status":"open","ping_status":"open","sticky":false,"template":"","format":"standard","meta":{"_s2mail":"yes","footnotes":""},"categories":[6],"tags":[],"class_list":["post-20662354","post","type-post","status-publish","format-standard","hentry","category-ymse"],"_links":{"self":[{"href":"https:\/\/setesdalswiki.no\/blog\/wp-json\/wp\/v2\/posts\/20662354"}],"collection":[{"href":"https:\/\/setesdalswiki.no\/blog\/wp-json\/wp\/v2\/posts"}],"about":[{"href":"https:\/\/setesdalswiki.no\/blog\/wp-json\/wp\/v2\/types\/post"}],"author":[{"embeddable":true,"href":"https:\/\/setesdalswiki.no\/blog\/wp-json\/wp\/v2\/users\/2"}],"replies":[{"embeddable":true,"href":"https:\/\/setesdalswiki.no\/blog\/wp-json\/wp\/v2\/comments?post=20662354"}],"version-history":[{"count":1,"href":"https:\/\/setesdalswiki.no\/blog\/wp-json\/wp\/v2\/posts\/20662354\/revisions"}],"predecessor-version":[{"id":20662355,"href":"https:\/\/setesdalswiki.no\/blog\/wp-json\/wp\/v2\/posts\/20662354\/revisions\/20662355"}],"wp:attachment":[{"href":"https:\/\/setesdalswiki.no\/blog\/wp-json\/wp\/v2\/media?parent=20662354"}],"wp:term":[{"taxonomy":"category","embeddable":true,"href":"https:\/\/setesdalswiki.no\/blog\/wp-json\/wp\/v2\/categories?post=20662354"},{"taxonomy":"post_tag","embeddable":true,"href":"https:\/\/setesdalswiki.no\/blog\/wp-json\/wp\/v2\/tags?post=20662354"}],"curies":[{"name":"wp","href":"https:\/\/api.w.org\/{rel}","templated":true}]}}