{"id":20662123,"date":"2020-04-28T23:58:17","date_gmt":"2020-04-28T21:58:17","guid":{"rendered":"https:\/\/blog.setesdalswiki.no\/?p=20662123"},"modified":"2020-04-28T23:58:58","modified_gmt":"2020-04-28T21:58:58","slug":"droner-og-toner","status":"publish","type":"post","link":"https:\/\/setesdalswiki.no\/blog\/droner-og-toner\/","title":{"rendered":"Droner og toner"},"content":{"rendered":"<p>Kveldens sending i Valle Radio var som vanleg variert. Vi fekk h\u00f8yre m\u00f8tet som Norea Mediemisjon hadde p\u00e5 Nomeland bedehus fredagskvelden, eit tiltak som kom i stand takka vere Torfinn Brokke. I v\u00e5re dagar kan ein jo ikkje ha m\u00f8te, s\u00e5 det var bare dei som arrangerte m\u00f8tet som var til stades, men med streaming og radiooverf\u00f8ring kan ein n\u00e5 mange. I informasjonsdelen av m\u00f8tet fekk vi ogs\u00e5 h\u00f8yre eit intervju med ei kristen jente som vaks opp i ein heim der det var vanskeleg og vi fekk h\u00f8ve til \u00e5 st\u00f8tte arbeidet til Norea mediemisjon. Vakre tonar var det ogs\u00e5,<\/p>\n<p>Innslaget om droner i politiet handla om korleis dronepilot og politibetjent Christian Ekra i Kristiansand hadde kunna nytte varmes\u00f8kande kamera d\u00e5 politiet leita etter ei kvinne som hadde g\u00e5tt seg bort i Mandal. Takka vere dette kameraet hadde dei truleg redda livet til kvinna. Enno er det bare Agder, Tr\u00f8ndelag og Troms som har slike droner i politiet, men Ekra meinte at alle burde f\u00e5 det. Det kan vere nytting i mange situasjonar, b\u00e5de ved brann og leiting etter folk og dyr.<\/p>\n<p>Deretter hadde Siri ein prat med Sigurd Langeid om p\u00e5sketrafikken. Det vart 50 forelegg, men ingen vanskelege situasjonar. I desse koronatider kommuniserer politiet mykje digitalt, men det gjer dei ogs\u00e5 i normale tider i eit langt distrikt, kunne han fortelje.<\/p>\n<p>Siste del av kvelden var vigd til eit m\u00f8te med kantor og domorganist Dan Ren\u00e9 Dahl i Fredrikstad domkyrkje. Her fekk vi m\u00f8te b\u00e5de mannen og musikken og han kunne ikkje tenke seg \u00e5 arbeide med noko anna enn musikk, etter det eg skj\u00f8na. Han kom til Fredrikstad domkirke i 1996, s\u00e5 han har snart vore der i 25 \u00e5r. I kyrkja er det fem kor og to kantorar, s\u00e5 han hadde mest ansvar for spelinga, om eg forstod det rett, men det inkluderte jo ogs\u00e5 speling for kora. Dahl presenterte sj\u00f8lv musikken som vart spelt, og det gjorde han p\u00e5 fin og informativ m\u00e5te, s\u00e5 det var godt \u00e5 h\u00f8yre p\u00e5.<\/p>\n<p>Bildet er fr\u00e5 Noream\u00f8te p\u00e5 Nomeland. Torfinn Brokke p\u00e5 talarstolen,<\/p>\n<p><img decoding=\"async\" src=\"https:\/\/scontent.fosl3-1.fna.fbcdn.net\/v\/t1.0-9\/94998104_10216519025759177_5962375592895578112_n.jpg?_nc_cat=110&amp;_nc_sid=730e14&amp;_nc_ohc=l-GVk6xtdFEAX_oD7yZ&amp;_nc_ht=scontent.fosl3-1.fna&amp;oh=19795dacaacf6a39e59c080c7299a1d4&amp;oe=5ECED9F5\" alt=\"Bildet kan inneholde: 1 person, p\u00e5 scenen og st\u00e5r\" \/><\/p>\n<p>&nbsp;<\/p>\n","protected":false},"excerpt":{"rendered":"<p>Kveldens sending i Valle Radio var som vanleg variert. Vi fekk h\u00f8yre m\u00f8tet som Norea Mediemisjon hadde p\u00e5 Nomeland bedehus fredagskvelden, eit tiltak som kom i stand takka vere Torfinn Brokke. I v\u00e5re dagar kan ein jo ikkje ha m\u00f8te, s\u00e5 det var bare dei som arrangerte m\u00f8tet som var til stades, men med streaming &hellip; <a href=\"https:\/\/setesdalswiki.no\/blog\/droner-og-toner\/\" class=\"more-link\">Les meir om <span class=\"screen-reader-text\">Droner og toner<\/span> <span class=\"meta-nav\">&rarr;<\/span><\/a><\/p>\n","protected":false},"author":2,"featured_media":0,"comment_status":"open","ping_status":"open","sticky":false,"template":"","format":"standard","meta":{"_s2mail":"yes","footnotes":""},"categories":[6],"tags":[],"class_list":["post-20662123","post","type-post","status-publish","format-standard","hentry","category-ymse"],"_links":{"self":[{"href":"https:\/\/setesdalswiki.no\/blog\/wp-json\/wp\/v2\/posts\/20662123"}],"collection":[{"href":"https:\/\/setesdalswiki.no\/blog\/wp-json\/wp\/v2\/posts"}],"about":[{"href":"https:\/\/setesdalswiki.no\/blog\/wp-json\/wp\/v2\/types\/post"}],"author":[{"embeddable":true,"href":"https:\/\/setesdalswiki.no\/blog\/wp-json\/wp\/v2\/users\/2"}],"replies":[{"embeddable":true,"href":"https:\/\/setesdalswiki.no\/blog\/wp-json\/wp\/v2\/comments?post=20662123"}],"version-history":[{"count":2,"href":"https:\/\/setesdalswiki.no\/blog\/wp-json\/wp\/v2\/posts\/20662123\/revisions"}],"predecessor-version":[{"id":20662125,"href":"https:\/\/setesdalswiki.no\/blog\/wp-json\/wp\/v2\/posts\/20662123\/revisions\/20662125"}],"wp:attachment":[{"href":"https:\/\/setesdalswiki.no\/blog\/wp-json\/wp\/v2\/media?parent=20662123"}],"wp:term":[{"taxonomy":"category","embeddable":true,"href":"https:\/\/setesdalswiki.no\/blog\/wp-json\/wp\/v2\/categories?post=20662123"},{"taxonomy":"post_tag","embeddable":true,"href":"https:\/\/setesdalswiki.no\/blog\/wp-json\/wp\/v2\/tags?post=20662123"}],"curies":[{"name":"wp","href":"https:\/\/api.w.org\/{rel}","templated":true}]}}