{"id":20662097,"date":"2020-04-17T23:52:23","date_gmt":"2020-04-17T21:52:23","guid":{"rendered":"https:\/\/blog.setesdalswiki.no\/?p=20662097"},"modified":"2020-04-17T23:52:23","modified_gmt":"2020-04-17T21:52:23","slug":"det-gjekk-bra","status":"publish","type":"post","link":"https:\/\/setesdalswiki.no\/blog\/det-gjekk-bra\/","title":{"rendered":"Det gjekk bra"},"content":{"rendered":"<p>I kveld var eg redd at eg ikkje skulle f\u00e5 skrive nokon blogg, for Setesdalswiki var nede ei stund. Men heldigvis retta det seg, s\u00e5 her kjem nokre ord likevel.<\/p>\n<p>Men eg har vore litt lat i dag, s\u00e5 det vart ikkje s\u00e5 mange artiklar som eg har hatt m\u00e5l om. M\u00e5let har jo vore fem artiklar, men i dag vart det bare tre fr\u00e5 min datamaskin.<\/p>\n<p>Etter kvar har vi vel snart f\u00e5tt nok informasjon om koronakrisa. I alle fall har eg skrudd av i lange periodar. Men etter det eg skj\u00f8nar er det god nytte i smitteverntiltaka som er sette i verk. Difor vil regjeringa opne opp litt etter litt og f\u00f8rst ut er barnehagane og deretter sm\u00e5skulen. Det er ikkje unaturleg, for barn blir ikkje alvorleg sjuke av denne pandemien.<\/p>\n<p>Men eg tenkjer nok at dei som no har hatt heimekontor i fire veker, lengtar tilbake til sm\u00e5prat rundt lunsjbordet i kantina eller ved kaffimaskinen, anten dei drikk kaffi eller bare skal ha eit glass vatn i ein av dei mange pausane som det trass alt er i ein arbeidsdag.<\/p>\n<p>\u00c5 vere l\u00e6rar med heimekontor kan ikkje vere s\u00e5 heilt enkelt, det gjeld anten det er sm\u00e5 eller store elevar, eller for den del, vaksne elevar, som dei eg hadde p\u00e5 Valle\u00a0 Vaksenoppl\u00e6ring i mange \u00e5r. Sj\u00f8lv om ein f\u00e5r digital kompetanse, er det mykje anna som ikkje fungerer like godt. S\u00e5 difor sender ein honn\u00f8r til dei som st\u00e5r i striden i denne tida og minner om at dett kjem ein dag d\u00e5 vi kan sj\u00e5 tilbake p\u00e5 v\u00e5ren 2020 og seie at Det gjekk bra.<\/p>\n","protected":false},"excerpt":{"rendered":"<p>I kveld var eg redd at eg ikkje skulle f\u00e5 skrive nokon blogg, for Setesdalswiki var nede ei stund. Men heldigvis retta det seg, s\u00e5 her kjem nokre ord likevel. Men eg har vore litt lat i dag, s\u00e5 det vart ikkje s\u00e5 mange artiklar som eg har hatt m\u00e5l om. M\u00e5let har jo vore &hellip; <a href=\"https:\/\/setesdalswiki.no\/blog\/det-gjekk-bra\/\" class=\"more-link\">Les meir om <span class=\"screen-reader-text\">Det gjekk bra<\/span> <span class=\"meta-nav\">&rarr;<\/span><\/a><\/p>\n","protected":false},"author":2,"featured_media":0,"comment_status":"open","ping_status":"open","sticky":false,"template":"","format":"standard","meta":{"_s2mail":"yes","footnotes":""},"categories":[6],"tags":[],"class_list":["post-20662097","post","type-post","status-publish","format-standard","hentry","category-ymse"],"_links":{"self":[{"href":"https:\/\/setesdalswiki.no\/blog\/wp-json\/wp\/v2\/posts\/20662097"}],"collection":[{"href":"https:\/\/setesdalswiki.no\/blog\/wp-json\/wp\/v2\/posts"}],"about":[{"href":"https:\/\/setesdalswiki.no\/blog\/wp-json\/wp\/v2\/types\/post"}],"author":[{"embeddable":true,"href":"https:\/\/setesdalswiki.no\/blog\/wp-json\/wp\/v2\/users\/2"}],"replies":[{"embeddable":true,"href":"https:\/\/setesdalswiki.no\/blog\/wp-json\/wp\/v2\/comments?post=20662097"}],"version-history":[{"count":1,"href":"https:\/\/setesdalswiki.no\/blog\/wp-json\/wp\/v2\/posts\/20662097\/revisions"}],"predecessor-version":[{"id":20662098,"href":"https:\/\/setesdalswiki.no\/blog\/wp-json\/wp\/v2\/posts\/20662097\/revisions\/20662098"}],"wp:attachment":[{"href":"https:\/\/setesdalswiki.no\/blog\/wp-json\/wp\/v2\/media?parent=20662097"}],"wp:term":[{"taxonomy":"category","embeddable":true,"href":"https:\/\/setesdalswiki.no\/blog\/wp-json\/wp\/v2\/categories?post=20662097"},{"taxonomy":"post_tag","embeddable":true,"href":"https:\/\/setesdalswiki.no\/blog\/wp-json\/wp\/v2\/tags?post=20662097"}],"curies":[{"name":"wp","href":"https:\/\/api.w.org\/{rel}","templated":true}]}}