{"id":20662068,"date":"2020-04-06T23:54:30","date_gmt":"2020-04-06T21:54:30","guid":{"rendered":"https:\/\/blog.setesdalswiki.no\/?p=20662068"},"modified":"2020-04-06T23:54:30","modified_gmt":"2020-04-06T21:54:30","slug":"for-paske-i-valle-radio","status":"publish","type":"post","link":"https:\/\/setesdalswiki.no\/blog\/for-paske-i-valle-radio\/","title":{"rendered":"F\u00f8r p\u00e5ske i Valle Radio"},"content":{"rendered":"<p>I morgon blir siste sendinga f\u00f8r p\u00e5ske i Valle Radio. P\u00e5 grunn av koronakrisa blir det ingen ordin\u00e6re p\u00e5skesendingar slik vi har blitt vant til med sending p\u00e5 skj\u00e6rtorsdag og 2. p\u00e5skedag. Dei sendingane hadde mange folk involverte og slik det har vore etter at krisa starta, har det bare vore Siri Johannessen som har vore i radioen. Ingen gjester i studio, alt er gjort p\u00e5 telefon.<\/p>\n<p>Her er programmet for i morgon:<\/p>\n<p><strong>Tirsdag 7. april<\/strong><br \/>\nTekniker og ansvarlig: Siri Johannessen<\/p>\n<div>18.00 Kvarteret med Asbj\u00f8rn Kvalbein (Norea)<br \/>\n18.15 Andakt ved Asbj\u00f8rn Kvalbein (Norea)<br \/>\n18.30 P\u00e5skesangtime<br \/>\n19.30 Aktuell time med med Steinar Kyrvestad<\/div>\n<div>20.00 Preludium til Postludium<\/div>\n<p>20.30 Postludium ved Jan Stefan Bengtsson<br \/>\n21.00 Kyrkjebakken<\/p>\n<p>Men onsdag etter p\u00e5ske er det onsdagssending att.<\/p>\n<p>I dag vart det ikkje s\u00e5 stor produksjon av nye artiklar p\u00e5 Setesdalswiki. Men her er dei nye artiklane:<\/p>\n<ul>\n<li data-mw-revid=\"184543\"><a title=\"Juvst\u00f8yl\" href=\"https:\/\/www.setesdalswiki.no\/w\/index.php?title=Juvst%C3%B8yl&amp;oldid=184542\"><span class=\"mw-newpages-time\">6. apr. 2020 kl. 23:20<\/span><\/a>\u00a0\u200e<a class=\"mw-newpages-pagename\" title=\"Juvst\u00f8yl\" href=\"https:\/\/www.setesdalswiki.no\/wiki\/Juvst%C3%B8yl\">Juvst\u00f8yl<\/a>\u00a0<span class=\"mw-newpages-history\">(<a title=\"Juvst\u00f8yl\" href=\"https:\/\/www.setesdalswiki.no\/w\/index.php?title=Juvst%C3%B8yl&amp;action=history\">hist<\/a>)<\/span>\u00a0\u200e<span class=\"mw-newpages-length\">[477 bytes]<\/span> \u200e<\/li>\n<li data-mw-revid=\"184537\"><a title=\"8. april 2020\" href=\"https:\/\/www.setesdalswiki.no\/w\/index.php?title=8._april_2020&amp;oldid=184537\"><span class=\"mw-newpages-time\">6. apr. 2020 kl. 13:07<\/span><\/a>\u00a0\u200e<a class=\"mw-newpages-pagename\" title=\"8. april 2020\" href=\"https:\/\/www.setesdalswiki.no\/wiki\/8._april_2020\">8. april 2020<\/a>\u00a0<span class=\"mw-newpages-history\">(<a title=\"8. april 2020\" href=\"https:\/\/www.setesdalswiki.no\/w\/index.php?title=8._april_2020&amp;action=history\">hist<\/a>)<\/span>\u00a0\u200e<span class=\"mw-newpages-length\">[279 bytes]<\/span> \u200e<\/li>\n<li data-mw-revid=\"184536\"><a title=\"6. april 2020\" href=\"https:\/\/www.setesdalswiki.no\/w\/index.php?title=6._april_2020&amp;oldid=184536\"><span class=\"mw-newpages-time\">6. apr. 2020 kl. 13:04<\/span><\/a>\u00a0\u200e<a class=\"mw-newpages-pagename\" title=\"6. april 2020\" href=\"https:\/\/www.setesdalswiki.no\/wiki\/6._april_2020\">6. april 2020<\/a>\u00a0<span class=\"mw-newpages-history\">(<a title=\"6. april 2020\" href=\"https:\/\/www.setesdalswiki.no\/w\/index.php?title=6._april_2020&amp;action=history\">hist<\/a>)<\/span>\u00a0\u200e<span class=\"mw-newpages-length\">[300 bytes]<\/span> \u200e<\/li>\n<li data-mw-revid=\"184533\"><a title=\"Dag Homme\" href=\"https:\/\/www.setesdalswiki.no\/w\/index.php?title=Dag_Homme&amp;oldid=184531\"><span class=\"mw-newpages-time\">6. apr. 2020 kl. 11:36<\/span><\/a>\u00a0\u200e<a class=\"mw-newpages-pagename\" title=\"Dag Homme\" href=\"https:\/\/www.setesdalswiki.no\/wiki\/Dag_Homme\">Dag Homme<\/a>\u00a0<span class=\"mw-newpages-history\">(<a title=\"Dag Homme\" href=\"https:\/\/www.setesdalswiki.no\/w\/index.php?title=Dag_Homme&amp;action=history\">hist<\/a>)<\/span>\u00a0\u200e<span class=\"mw-newpages-length\">[777 bytes]<\/span><\/li>\n<\/ul>\n","protected":false},"excerpt":{"rendered":"<p>I morgon blir siste sendinga f\u00f8r p\u00e5ske i Valle Radio. P\u00e5 grunn av koronakrisa blir det ingen ordin\u00e6re p\u00e5skesendingar slik vi har blitt vant til med sending p\u00e5 skj\u00e6rtorsdag og 2. p\u00e5skedag. Dei sendingane hadde mange folk involverte og slik det har vore etter at krisa starta, har det bare vore Siri Johannessen som har &hellip; <a href=\"https:\/\/setesdalswiki.no\/blog\/for-paske-i-valle-radio\/\" class=\"more-link\">Les meir om <span class=\"screen-reader-text\">F\u00f8r p\u00e5ske i Valle Radio<\/span> <span class=\"meta-nav\">&rarr;<\/span><\/a><\/p>\n","protected":false},"author":2,"featured_media":0,"comment_status":"open","ping_status":"open","sticky":false,"template":"","format":"standard","meta":{"_s2mail":"yes","footnotes":""},"categories":[6],"tags":[],"class_list":["post-20662068","post","type-post","status-publish","format-standard","hentry","category-ymse"],"_links":{"self":[{"href":"https:\/\/setesdalswiki.no\/blog\/wp-json\/wp\/v2\/posts\/20662068"}],"collection":[{"href":"https:\/\/setesdalswiki.no\/blog\/wp-json\/wp\/v2\/posts"}],"about":[{"href":"https:\/\/setesdalswiki.no\/blog\/wp-json\/wp\/v2\/types\/post"}],"author":[{"embeddable":true,"href":"https:\/\/setesdalswiki.no\/blog\/wp-json\/wp\/v2\/users\/2"}],"replies":[{"embeddable":true,"href":"https:\/\/setesdalswiki.no\/blog\/wp-json\/wp\/v2\/comments?post=20662068"}],"version-history":[{"count":1,"href":"https:\/\/setesdalswiki.no\/blog\/wp-json\/wp\/v2\/posts\/20662068\/revisions"}],"predecessor-version":[{"id":20662069,"href":"https:\/\/setesdalswiki.no\/blog\/wp-json\/wp\/v2\/posts\/20662068\/revisions\/20662069"}],"wp:attachment":[{"href":"https:\/\/setesdalswiki.no\/blog\/wp-json\/wp\/v2\/media?parent=20662068"}],"wp:term":[{"taxonomy":"category","embeddable":true,"href":"https:\/\/setesdalswiki.no\/blog\/wp-json\/wp\/v2\/categories?post=20662068"},{"taxonomy":"post_tag","embeddable":true,"href":"https:\/\/setesdalswiki.no\/blog\/wp-json\/wp\/v2\/tags?post=20662068"}],"curies":[{"name":"wp","href":"https:\/\/api.w.org\/{rel}","templated":true}]}}