{"id":20661934,"date":"2020-02-19T23:58:17","date_gmt":"2020-02-19T22:58:17","guid":{"rendered":"https:\/\/blog.setesdalswiki.no\/?p=20661934"},"modified":"2020-02-19T23:58:17","modified_gmt":"2020-02-19T22:58:17","slug":"eit-radarpar","status":"publish","type":"post","link":"https:\/\/setesdalswiki.no\/blog\/eit-radarpar\/","title":{"rendered":"Eit radarpar"},"content":{"rendered":"<p>Kveldens sending i Valle Radio var ved det eg vil kalle eit radarpar. \u00d8rnulf Hasla i studio og Siri Johannessen bak spakane er eit radarpar til glede for lokalradiolyttarar over heile Setesdal. I kveld m\u00f8tte \u00d8rnulf f\u00f8rst Else Margit Tveit, fagansvarleg skule i Valle kommune. Ho hadde visst ikkje f\u00e5tt med seg at ho skulle i radioen, s\u00e5 ho var p\u00e5 spitekurs p\u00e5 Husfliden, men la fr\u00e5 seg strikkepinnane og sprang opp trappa til studio medan \u00d8rnulf prata for \u00e5 halde sendinga g\u00e5ande og Siri fann musikk som kunne nyttast.<\/p>\n<p>For ein musikk, Else Margit spelte saxofon i korps som ung og der var Siri p\u00e5 plass med Astor Piazolla sin Libertango. Det er bare \u00e5 sj\u00e5 p\u00e5 <a href=\"https:\/\/www.setesdalswiki.no\/wiki\/Onsdagssending_i_Valle_Radio_20200219\">artikkelen om programmet p\u00e5 Setesdalswiki<\/a>, der ser du musikken , Siri rakk \u00e5 legge ut det ogs\u00e5 mellom alle gjerem\u00e5la.<\/p>\n<p>Som fagansvarleg skole arbeider Else Margit Tveit med meir overordna saker om skole og barnehage. Ho var rektor p\u00e5 Hylestad skule, men d\u00e5 den vart sl\u00e5tt saman med Valle skule, fekk ho jobb p\u00e5 kommunehuset. I \u00e5r er det 129 elevar, skulen er fulldelt og om nokre \u00e5r kjem det end\u00e5 fleire elevar, for kulla i barnehagen er store, og det h\u00e5pa ho dei kom til \u00e5 bli. Samansl\u00e5inga av dei to skulane har g\u00e5tt greitt, b\u00e5de elevar og l\u00e6rarar har f\u00e5tt noko st\u00f8rre milj\u00f8 \u00e5 vere i.<\/p>\n<p>Overskrifta speglar at det er godt \u00e5 vere to n\u00e5r ein skal f\u00e5 til eit program. Det synte seg ogs\u00e5 seinare i sendinga, men det vil eg kome tilbake til i morgon. Vel bl\u00e5st!<\/p>\n","protected":false},"excerpt":{"rendered":"<p>Kveldens sending i Valle Radio var ved det eg vil kalle eit radarpar. \u00d8rnulf Hasla i studio og Siri Johannessen bak spakane er eit radarpar til glede for lokalradiolyttarar over heile Setesdal. I kveld m\u00f8tte \u00d8rnulf f\u00f8rst Else Margit Tveit, fagansvarleg skule i Valle kommune. Ho hadde visst ikkje f\u00e5tt med seg at ho skulle &hellip; <a href=\"https:\/\/setesdalswiki.no\/blog\/eit-radarpar\/\" class=\"more-link\">Les meir om <span class=\"screen-reader-text\">Eit radarpar<\/span> <span class=\"meta-nav\">&rarr;<\/span><\/a><\/p>\n","protected":false},"author":2,"featured_media":0,"comment_status":"open","ping_status":"open","sticky":false,"template":"","format":"standard","meta":{"_s2mail":"yes","footnotes":""},"categories":[6],"tags":[],"class_list":["post-20661934","post","type-post","status-publish","format-standard","hentry","category-ymse"],"_links":{"self":[{"href":"https:\/\/setesdalswiki.no\/blog\/wp-json\/wp\/v2\/posts\/20661934"}],"collection":[{"href":"https:\/\/setesdalswiki.no\/blog\/wp-json\/wp\/v2\/posts"}],"about":[{"href":"https:\/\/setesdalswiki.no\/blog\/wp-json\/wp\/v2\/types\/post"}],"author":[{"embeddable":true,"href":"https:\/\/setesdalswiki.no\/blog\/wp-json\/wp\/v2\/users\/2"}],"replies":[{"embeddable":true,"href":"https:\/\/setesdalswiki.no\/blog\/wp-json\/wp\/v2\/comments?post=20661934"}],"version-history":[{"count":1,"href":"https:\/\/setesdalswiki.no\/blog\/wp-json\/wp\/v2\/posts\/20661934\/revisions"}],"predecessor-version":[{"id":20661935,"href":"https:\/\/setesdalswiki.no\/blog\/wp-json\/wp\/v2\/posts\/20661934\/revisions\/20661935"}],"wp:attachment":[{"href":"https:\/\/setesdalswiki.no\/blog\/wp-json\/wp\/v2\/media?parent=20661934"}],"wp:term":[{"taxonomy":"category","embeddable":true,"href":"https:\/\/setesdalswiki.no\/blog\/wp-json\/wp\/v2\/categories?post=20661934"},{"taxonomy":"post_tag","embeddable":true,"href":"https:\/\/setesdalswiki.no\/blog\/wp-json\/wp\/v2\/tags?post=20661934"}],"curies":[{"name":"wp","href":"https:\/\/api.w.org\/{rel}","templated":true}]}}