{"id":20661903,"date":"2020-02-10T23:34:05","date_gmt":"2020-02-10T22:34:05","guid":{"rendered":"https:\/\/blog.setesdalswiki.no\/?p=20661903"},"modified":"2020-02-10T23:34:05","modified_gmt":"2020-02-10T22:34:05","slug":"hoyr-og-bli-klok","status":"publish","type":"post","link":"https:\/\/setesdalswiki.no\/blog\/hoyr-og-bli-klok\/","title":{"rendered":"H\u00f8yr og bli klok"},"content":{"rendered":"<p>Den som h\u00f8yrer p\u00e5 Valle Radio sine sendingar denne veka, trur eg vil bli litt klokare enn ho eller han har vore f\u00f8r. For sendingane i Valle Radio er ikkje bare tre minutt med nyheter, det er like gjerne 30 minutt med innhaldsrik samtale om aktuelle emne. Sj\u00e5 bare programmet for dei to dagane:<\/p>\n<p><strong>Tirsdag 11. februar<\/strong><\/p>\n<p>Ansvarlig og tekniker: Siri Johannessen<\/p>\n<div>\n<div>18.00 Kvarteret med programinformasjon<br \/>\n18.15 Andakt ved Hallvard Hassel\u00f8y fra Open Heart<br \/>\n18.30 Sangtimen<br \/>\n19.30 \u00a0\u00c5pne hjerter i Setesdal med Sigrid Bj\u00f8rgum og Astrid Nomeland<br \/>\n19.50\u00a0P\u00e5 reise med historiefortelleren Ivar Nygaard<br \/>\n20.30 Postludium med Niklos K. Besteland<br \/>\n21.00 Kyrkjebakken<\/div>\n<\/div>\n<div><\/div>\n<div><strong>Onsdag 12. februar<\/strong><\/div>\n<div>\n<p>Ansvarleg: \u00d8rnulf Hasla<br \/>\nTeknikar Liv Gunn Viki<br \/>\nTelefonvakt Ingeborg \u00c5kre L\u00f8yland<\/p>\n<p>19.00 Tankar fr\u00e5 Bibelen med H\u00e5vard Viki.<br \/>\n19.30 Kommunen informerer med r\u00e5dmann Aud Sunniva Fuhr.<br \/>\n20.00 Aktuell time med \u00d8rnulf<br \/>\n21.00 Open sending med Jorunn Lund Harstad og K\u00e5re Rike<\/p>\n<p>F\u00f8lg Valle radio p\u00e5 Facebook.<\/p>\n<\/div>\n<div>\n<div>NETTRADIO via <a href=\"http:\/\/www.valleradio.com\/\" target=\"_blank\" rel=\"noopener noreferrer\" data-saferedirecturl=\"https:\/\/www.google.com\/url?q=http:\/\/www.valleradio.com\/&amp;source=gmail&amp;ust=1581369304441000&amp;usg=AFQjCNErjOxTWEd4qSQpXBt5YCin_hXInw\">http:\/\/www.valleradio.com\u00a0\u00a0\u00a0<\/a><\/div>\n<\/div>\n<div><\/div>\n<div><\/div>\n","protected":false},"excerpt":{"rendered":"<p>Den som h\u00f8yrer p\u00e5 Valle Radio sine sendingar denne veka, trur eg vil bli litt klokare enn ho eller han har vore f\u00f8r. For sendingane i Valle Radio er ikkje bare tre minutt med nyheter, det er like gjerne 30 minutt med innhaldsrik samtale om aktuelle emne. Sj\u00e5 bare programmet for dei to dagane: Tirsdag &hellip; <a href=\"https:\/\/setesdalswiki.no\/blog\/hoyr-og-bli-klok\/\" class=\"more-link\">Les meir om <span class=\"screen-reader-text\">H\u00f8yr og bli klok<\/span> <span class=\"meta-nav\">&rarr;<\/span><\/a><\/p>\n","protected":false},"author":2,"featured_media":0,"comment_status":"open","ping_status":"open","sticky":false,"template":"","format":"standard","meta":{"_s2mail":"yes","footnotes":""},"categories":[6],"tags":[],"class_list":["post-20661903","post","type-post","status-publish","format-standard","hentry","category-ymse"],"_links":{"self":[{"href":"https:\/\/setesdalswiki.no\/blog\/wp-json\/wp\/v2\/posts\/20661903"}],"collection":[{"href":"https:\/\/setesdalswiki.no\/blog\/wp-json\/wp\/v2\/posts"}],"about":[{"href":"https:\/\/setesdalswiki.no\/blog\/wp-json\/wp\/v2\/types\/post"}],"author":[{"embeddable":true,"href":"https:\/\/setesdalswiki.no\/blog\/wp-json\/wp\/v2\/users\/2"}],"replies":[{"embeddable":true,"href":"https:\/\/setesdalswiki.no\/blog\/wp-json\/wp\/v2\/comments?post=20661903"}],"version-history":[{"count":1,"href":"https:\/\/setesdalswiki.no\/blog\/wp-json\/wp\/v2\/posts\/20661903\/revisions"}],"predecessor-version":[{"id":20661904,"href":"https:\/\/setesdalswiki.no\/blog\/wp-json\/wp\/v2\/posts\/20661903\/revisions\/20661904"}],"wp:attachment":[{"href":"https:\/\/setesdalswiki.no\/blog\/wp-json\/wp\/v2\/media?parent=20661903"}],"wp:term":[{"taxonomy":"category","embeddable":true,"href":"https:\/\/setesdalswiki.no\/blog\/wp-json\/wp\/v2\/categories?post=20661903"},{"taxonomy":"post_tag","embeddable":true,"href":"https:\/\/setesdalswiki.no\/blog\/wp-json\/wp\/v2\/tags?post=20661903"}],"curies":[{"name":"wp","href":"https:\/\/api.w.org\/{rel}","templated":true}]}}