{"id":20661393,"date":"2019-08-16T23:58:43","date_gmt":"2019-08-16T21:58:43","guid":{"rendered":"https:\/\/blog.setesdalswiki.no\/?p=20661393"},"modified":"2019-08-16T23:58:43","modified_gmt":"2019-08-16T21:58:43","slug":"respons-4","status":"publish","type":"post","link":"https:\/\/setesdalswiki.no\/blog\/respons-4\/","title":{"rendered":"Respons"},"content":{"rendered":"<p>Det er alltid moro \u00e5 f\u00e5 respons p\u00e5 det ein skriv p\u00e5 bloggen. G\u00e5rsdagens bloggpost enda opp med seks kommentarar. Ein av dei var fr\u00e5 min gode kollega i Valle Vaksenoppl\u00e6ring, \u00d8ystein. Han skulle gjerne hatt eit eksemplar av boka eg skreiv om, Norges Bebyggelse Aust-Agder vestre del.<\/p>\n<p>Det kan eg jo godt skj\u00f8ne, for d\u00e5 ville han funne huset han bur i der oppe i Berg. N\u00e5r eg ser p\u00e5 biletet av huset, ser det plent ut som i dag, med epletre i hagen framom.<\/p>\n<p>\u00d8ystein har den finaste utsikta ein kan ha, tenkjer eg ofte her eg bur i ein sving midt i skogen i Mandal. \u00c5 st\u00e5 i tunet i Berg og sj\u00e5 ut over Hylestad, det er rein nyting.<\/p>\n<p>I dag var det ein filosofisk debatt i P2 der programleiaren lurte p\u00e5 om det ligg i genene v\u00e5re at naturen er vakker. Filosofiprofessoren meinte at det nok var det, for nesten same kva ein ser av ur\u00f8rt natur, s\u00e5 seier ein at det er vakkert.<\/p>\n<p>Eg fkk desverre ikkje med meg s\u00e5 mykje meir av samtalen i Ekko eller kva programmet n\u00e5 heiter, for eg skulle til fris\u00f8ren. D\u00e5 eg kom ut derifr\u00e5, var eitt \u00e5rs h\u00e5rmanke borte, s\u00e5 no er eg klar for \u00e5 ta imot s\u00f8sken som vil ha ein s\u00f8rlandstur til helga. Det blir stor glede \u00e5 sj\u00e5ast att. Det blir kortreist mat p\u00e5 menyen, for r\u00e5dyret vi skal ete har beita i hagen v\u00e5r og nytt godt av nedfallsfrukt fr\u00e5 epletrea. Vi burde vel hatt tilsl\u00f8rte bondepiker til dessert den dagen, slik at gjestene kunne smake p\u00e5 epla som r\u00e5dyra likar s\u00e5 godt, men vi f\u00e5r no sj\u00e5 kva som kjem p\u00e5 bordet n\u00e5r tida er inne.<\/p>\n","protected":false},"excerpt":{"rendered":"<p>Det er alltid moro \u00e5 f\u00e5 respons p\u00e5 det ein skriv p\u00e5 bloggen. G\u00e5rsdagens bloggpost enda opp med seks kommentarar. Ein av dei var fr\u00e5 min gode kollega i Valle Vaksenoppl\u00e6ring, \u00d8ystein. Han skulle gjerne hatt eit eksemplar av boka eg skreiv om, Norges Bebyggelse Aust-Agder vestre del. Det kan eg jo godt skj\u00f8ne, for &hellip; <a href=\"https:\/\/setesdalswiki.no\/blog\/respons-4\/\" class=\"more-link\">Les meir om <span class=\"screen-reader-text\">Respons<\/span> <span class=\"meta-nav\">&rarr;<\/span><\/a><\/p>\n","protected":false},"author":2,"featured_media":0,"comment_status":"open","ping_status":"open","sticky":false,"template":"","format":"standard","meta":{"_s2mail":"yes","footnotes":""},"categories":[6],"tags":[],"class_list":["post-20661393","post","type-post","status-publish","format-standard","hentry","category-ymse"],"_links":{"self":[{"href":"https:\/\/setesdalswiki.no\/blog\/wp-json\/wp\/v2\/posts\/20661393"}],"collection":[{"href":"https:\/\/setesdalswiki.no\/blog\/wp-json\/wp\/v2\/posts"}],"about":[{"href":"https:\/\/setesdalswiki.no\/blog\/wp-json\/wp\/v2\/types\/post"}],"author":[{"embeddable":true,"href":"https:\/\/setesdalswiki.no\/blog\/wp-json\/wp\/v2\/users\/2"}],"replies":[{"embeddable":true,"href":"https:\/\/setesdalswiki.no\/blog\/wp-json\/wp\/v2\/comments?post=20661393"}],"version-history":[{"count":1,"href":"https:\/\/setesdalswiki.no\/blog\/wp-json\/wp\/v2\/posts\/20661393\/revisions"}],"predecessor-version":[{"id":20661394,"href":"https:\/\/setesdalswiki.no\/blog\/wp-json\/wp\/v2\/posts\/20661393\/revisions\/20661394"}],"wp:attachment":[{"href":"https:\/\/setesdalswiki.no\/blog\/wp-json\/wp\/v2\/media?parent=20661393"}],"wp:term":[{"taxonomy":"category","embeddable":true,"href":"https:\/\/setesdalswiki.no\/blog\/wp-json\/wp\/v2\/categories?post=20661393"},{"taxonomy":"post_tag","embeddable":true,"href":"https:\/\/setesdalswiki.no\/blog\/wp-json\/wp\/v2\/tags?post=20661393"}],"curies":[{"name":"wp","href":"https:\/\/api.w.org\/{rel}","templated":true}]}}