{"id":20660395,"date":"2018-06-11T23:52:00","date_gmt":"2018-06-11T21:52:00","guid":{"rendered":"http:\/\/blog.setesdalswiki.no\/?p=20660395"},"modified":"2018-06-11T23:52:00","modified_gmt":"2018-06-11T21:52:00","slug":"program-for-valle-radio","status":"publish","type":"post","link":"https:\/\/setesdalswiki.no\/blog\/program-for-valle-radio\/","title":{"rendered":"Program for Valle Radio"},"content":{"rendered":"<p>Tysdag 12. juni er det igjen sending i Valle Radio. Den er variert og innhaldsrik, slik programma Siri Johannessen lagar dei. Difor er det fort at ein blir lyttande p\u00e5 dei sj\u00f8lv om riksmedia gjer sitt beste for \u00e5 fange interessa. Lokale saker er jo minst like viktige for folk flest. Og varierte lokale saker fenger mange, kanskje til og med s\u00e5 mange at ein kan ta ein pause fr\u00e5 Trump og kriminalitet og heller h\u00f8yre p\u00e5 lokale og byggjande aktivitetar. Truleg vil gjestene hennar ogs\u00e5 f\u00f8re til nye artiklar i Setesdalswiki, kombinasjonene mellom media er viktig for alle partar.<\/p>\n<p>Her er programmet:<\/p>\n<div><strong>Tysdag 12. juni\u00a0<\/strong><br \/>\nAnsvarleg og teknikar: Siri Johannessen<\/div>\n<div>\n18.00 Programoversyn<br \/>\n18.05 Andakt ved Viggo Wilhelmsen<\/div>\n<p>18.30 Sanghalvtime med Klangohalvtimen, ein prat med\u00a0Viggo Wilhelmsen, og\u00a0Inger Lise Stulien om den nye plata<\/p>\n<div>19.30\u00a0Aktuell time med Grete Swahn om Bykle og Valle kunstlag, Ragnar Ringvoll fr\u00e5 Imf om Bibel og Naturcamp p\u00e5 Kvs-Bygland og rektor Else Margit Tveit om jubileet til Hylestad skule.<\/div>\n<div>20.30 Postludium ved Siri Johannessen, Piet Kee og Herman van Vliet<br \/>\n21.00 Kyrkjebakken<\/div>\n<div>\n<div>NETTRADIO via\u00a0<a href=\"http:\/\/www.valleradio.com\/\" target=\"_blank\" rel=\"noopener noreferrer\" data-saferedirecturl=\"https:\/\/www.google.com\/url?hl=no&amp;q=http:\/\/www.valleradio.com\/&amp;source=gmail&amp;ust=1528797036199000&amp;usg=AFQjCNHIbAAH4oZpCbELsJ2hbn05qXkK4Q\">http:\/\/www.valleradio.com<\/a><\/div>\n<\/div>\n<div><\/div>\n<div>\n<figure id=\"attachment_20660396\" aria-describedby=\"caption-attachment-20660396\" style=\"width: 300px\" class=\"wp-caption alignnone\"><a href=\"http:\/\/blog.setesdalswiki.no\/wp-content\/uploads\/2018\/06\/Hylestad-skule.jpg\"><img loading=\"lazy\" decoding=\"async\" class=\"size-medium wp-image-20660396\" src=\"http:\/\/blog.setesdalswiki.no\/wp-content\/uploads\/2018\/06\/Hylestad-skule-300x150.jpg\" alt=\"\" width=\"300\" height=\"150\" srcset=\"https:\/\/setesdalswiki.no\/blog\/wp-content\/uploads\/2018\/06\/Hylestad-skule-300x150.jpg 300w, https:\/\/setesdalswiki.no\/blog\/wp-content\/uploads\/2018\/06\/Hylestad-skule.jpg 520w\" sizes=\"(max-width: 300px) 100vw, 300px\" \/><\/a><figcaption id=\"caption-attachment-20660396\" class=\"wp-caption-text\">Hylestad skule er 60 \u00e5r i \u00e5r<\/figcaption><\/figure>\n<\/div>\n","protected":false},"excerpt":{"rendered":"<p>Tysdag 12. juni er det igjen sending i Valle Radio. Den er variert og innhaldsrik, slik programma Siri Johannessen lagar dei. Difor er det fort at ein blir lyttande p\u00e5 dei sj\u00f8lv om riksmedia gjer sitt beste for \u00e5 fange interessa. Lokale saker er jo minst like viktige for folk flest. Og varierte lokale saker &hellip; <a href=\"https:\/\/setesdalswiki.no\/blog\/program-for-valle-radio\/\" class=\"more-link\">Les meir om <span class=\"screen-reader-text\">Program for Valle Radio<\/span> <span class=\"meta-nav\">&rarr;<\/span><\/a><\/p>\n","protected":false},"author":2,"featured_media":0,"comment_status":"open","ping_status":"open","sticky":false,"template":"","format":"standard","meta":{"_s2mail":"yes","footnotes":""},"categories":[6],"tags":[],"class_list":["post-20660395","post","type-post","status-publish","format-standard","hentry","category-ymse"],"_links":{"self":[{"href":"https:\/\/setesdalswiki.no\/blog\/wp-json\/wp\/v2\/posts\/20660395"}],"collection":[{"href":"https:\/\/setesdalswiki.no\/blog\/wp-json\/wp\/v2\/posts"}],"about":[{"href":"https:\/\/setesdalswiki.no\/blog\/wp-json\/wp\/v2\/types\/post"}],"author":[{"embeddable":true,"href":"https:\/\/setesdalswiki.no\/blog\/wp-json\/wp\/v2\/users\/2"}],"replies":[{"embeddable":true,"href":"https:\/\/setesdalswiki.no\/blog\/wp-json\/wp\/v2\/comments?post=20660395"}],"version-history":[{"count":1,"href":"https:\/\/setesdalswiki.no\/blog\/wp-json\/wp\/v2\/posts\/20660395\/revisions"}],"predecessor-version":[{"id":20660397,"href":"https:\/\/setesdalswiki.no\/blog\/wp-json\/wp\/v2\/posts\/20660395\/revisions\/20660397"}],"wp:attachment":[{"href":"https:\/\/setesdalswiki.no\/blog\/wp-json\/wp\/v2\/media?parent=20660395"}],"wp:term":[{"taxonomy":"category","embeddable":true,"href":"https:\/\/setesdalswiki.no\/blog\/wp-json\/wp\/v2\/categories?post=20660395"},{"taxonomy":"post_tag","embeddable":true,"href":"https:\/\/setesdalswiki.no\/blog\/wp-json\/wp\/v2\/tags?post=20660395"}],"curies":[{"name":"wp","href":"https:\/\/api.w.org\/{rel}","templated":true}]}}