{"id":20660372,"date":"2018-06-05T23:51:33","date_gmt":"2018-06-05T21:51:33","guid":{"rendered":"http:\/\/blog.setesdalswiki.no\/?p=20660372"},"modified":"2018-06-05T23:51:33","modified_gmt":"2018-06-05T21:51:33","slug":"brannfarleg","status":"publish","type":"post","link":"https:\/\/setesdalswiki.no\/blog\/brannfarleg\/","title":{"rendered":"Brannfarleg"},"content":{"rendered":"<p>I kveldens sending i Valle Radio var brannfaren i regionen tema. Brannsjef Egil Kvitne var med p\u00e5 telefonen og fortalde at det aldri hadde vore st\u00f8rre brannfare i naturen i dei tre \u00f8verste kommunane i Setesdal enn no. Difor hadde dei lagt ned forbod mot all bruk av open eld. Dei hadde f\u00e5tt s\u00f8knader om dispensasjon nok til \u00e5 fylle ein heil perm, og nokre hadde f\u00e5tt dispensasjon i samband med jobb, men d\u00e5 bare med sterkt utvida brannsikring.<\/p>\n<p>Nokre som skulle p\u00e5 tur hadde spurt om stormkj\u00f8kken, men dei hadde f\u00e5tt nei. i samtalen med Siri Johannessen kom det fram at det til no ikkje hadde vore hendingar der Setesdal Brannvesen m\u00e5tte rykke ut, noko han meinte kunne skuldast at folk nytta sunt folkevett i den aktuelle situasjonen.<\/p>\n<p>I tillegg til \u00e5 jobbe med brann, er ogs\u00e5 redning p\u00e5 dagsorden for brannvesenet. Dei har ikkje dykkar, om det er n\u00f8dvendig, m\u00e5 dei f\u00e5 dykker med luftambulanse fr\u00e5 Arendal. Men overflateredning har dei god kompetanse p\u00e5. Heldigvis har det heller ikkje vore naudsynt til no.<\/p>\n<p>Eit problem er at utlendingar kan hende ikkje har f\u00e5tt med seg forbod. Men det er sett opp plakatar rundt om p\u00e5 strategiske plassar og Egil Kvitne hadde hatt ein runde i butikkar p\u00e5 Evje og bedt dei ta eingongsgrillar p\u00e5 lageret inntil vidare, det burde butikkane oppover i dalen ogs\u00e5 gjere, meinte han.<\/p>\n<p>I det heile var det ein sv\u00e6rt aktuell samtale i kveldens sending i Valle Radio.<\/p>\n<figure id=\"attachment_20660373\" aria-describedby=\"caption-attachment-20660373\" style=\"width: 183px\" class=\"wp-caption alignnone\"><a href=\"http:\/\/blog.setesdalswiki.no\/wp-content\/uploads\/2018\/06\/Brannfare.jpg\"><img loading=\"lazy\" decoding=\"async\" class=\"size-medium wp-image-20660373\" src=\"http:\/\/blog.setesdalswiki.no\/wp-content\/uploads\/2018\/06\/Brannfare-183x300.jpg\" alt=\"\" width=\"183\" height=\"300\" srcset=\"https:\/\/setesdalswiki.no\/blog\/wp-content\/uploads\/2018\/06\/Brannfare-183x300.jpg 183w, https:\/\/setesdalswiki.no\/blog\/wp-content\/uploads\/2018\/06\/Brannfare.jpg 585w\" sizes=\"(max-width: 183px) 100vw, 183px\" \/><\/a><figcaption id=\"caption-attachment-20660373\" class=\"wp-caption-text\">Ogs\u00e5 skogeigarar advarer om brannfare. Her har Bj\u00f8rg Brokka Rike hengt opp skilt og teke bilete.<\/figcaption><\/figure>\n","protected":false},"excerpt":{"rendered":"<p>I kveldens sending i Valle Radio var brannfaren i regionen tema. Brannsjef Egil Kvitne var med p\u00e5 telefonen og fortalde at det aldri hadde vore st\u00f8rre brannfare i naturen i dei tre \u00f8verste kommunane i Setesdal enn no. Difor hadde dei lagt ned forbod mot all bruk av open eld. Dei hadde f\u00e5tt s\u00f8knader om &hellip; <a href=\"https:\/\/setesdalswiki.no\/blog\/brannfarleg\/\" class=\"more-link\">Les meir om <span class=\"screen-reader-text\">Brannfarleg<\/span> <span class=\"meta-nav\">&rarr;<\/span><\/a><\/p>\n","protected":false},"author":2,"featured_media":0,"comment_status":"open","ping_status":"open","sticky":false,"template":"","format":"standard","meta":{"_s2mail":"yes","footnotes":""},"categories":[6],"tags":[],"class_list":["post-20660372","post","type-post","status-publish","format-standard","hentry","category-ymse"],"_links":{"self":[{"href":"https:\/\/setesdalswiki.no\/blog\/wp-json\/wp\/v2\/posts\/20660372"}],"collection":[{"href":"https:\/\/setesdalswiki.no\/blog\/wp-json\/wp\/v2\/posts"}],"about":[{"href":"https:\/\/setesdalswiki.no\/blog\/wp-json\/wp\/v2\/types\/post"}],"author":[{"embeddable":true,"href":"https:\/\/setesdalswiki.no\/blog\/wp-json\/wp\/v2\/users\/2"}],"replies":[{"embeddable":true,"href":"https:\/\/setesdalswiki.no\/blog\/wp-json\/wp\/v2\/comments?post=20660372"}],"version-history":[{"count":1,"href":"https:\/\/setesdalswiki.no\/blog\/wp-json\/wp\/v2\/posts\/20660372\/revisions"}],"predecessor-version":[{"id":20660374,"href":"https:\/\/setesdalswiki.no\/blog\/wp-json\/wp\/v2\/posts\/20660372\/revisions\/20660374"}],"wp:attachment":[{"href":"https:\/\/setesdalswiki.no\/blog\/wp-json\/wp\/v2\/media?parent=20660372"}],"wp:term":[{"taxonomy":"category","embeddable":true,"href":"https:\/\/setesdalswiki.no\/blog\/wp-json\/wp\/v2\/categories?post=20660372"},{"taxonomy":"post_tag","embeddable":true,"href":"https:\/\/setesdalswiki.no\/blog\/wp-json\/wp\/v2\/tags?post=20660372"}],"curies":[{"name":"wp","href":"https:\/\/api.w.org\/{rel}","templated":true}]}}