{"id":20660033,"date":"2018-02-05T23:47:18","date_gmt":"2018-02-05T22:47:18","guid":{"rendered":"http:\/\/blog.setesdalswiki.no\/?p=20660033"},"modified":"2018-02-05T23:47:18","modified_gmt":"2018-02-05T22:47:18","slug":"tysdagsprofil","status":"publish","type":"post","link":"https:\/\/setesdalswiki.no\/blog\/tysdagsprofil\/","title":{"rendered":"Tysdagsprofil"},"content":{"rendered":"<p>Den f\u00f8rste tysdagen i februar 2018 er programmet i Valle Radio lagt slik at det syner ein tysdagsprofil som har utvikla seg over mange \u00e5r. Heilt fr\u00e5 vi starta med tysdagsprogram har profilen vore kyrkje, kristenliv og kultur. Det er no over 20 \u00e5r sidan.<\/p>\n<p>P\u00e5 desse \u00e5ra har tysdagsprogramma utvikla seg til \u00e5 bli meir lik onsdagskveldane ved at vi ogs\u00e5 har henta aktuelt stoff elles. Det skjedde s\u00e6rleg etter at onsdagskveldane m\u00e5tte redusere p\u00e5 sendetida og droppe det som dei f\u00f8rste \u00e5ra vart kalla Aktuell time, tida fr\u00e5 18 til 19. Mange programleiarar sleit med \u00e5 fylle den timen, s\u00e5 den vart teken bort. Dermed vart onsdagskveldane kortare og meir overkommelege for teknikarar og programleiarar.<\/p>\n<p>Dei f\u00f8rste \u00e5ra hadde vi sending til Bykle og Valle, men med tida har det blitt sending til heile dalen ikkje bare av og til, men kvar kveld vi har sending. D\u00e5 har det vore naturleg \u00e5 inkludere stoff fr\u00e5 heile dalen n\u00e5r det h\u00f8ver slik, ikkje bare fr\u00e5 Valle. Dette skjer nok mest p\u00e5 tysdagskveldane sidan ein pr\u00f8ver \u00e5 ha aktuelle saker der, noko som ikkje er like h\u00f8gt prioritert av programleiarane p\u00e5 onsdagskveldane.<\/p>\n<p>I morgon kjem dette perspektivet godt fram i Siri Johannessen sin aktuelle time. D\u00e5 vil ho ha ein prat med Hallvard Hassel\u00f8y som samlar inn klede fr\u00e5 heile dalen og formidlar hjelp til Ukraina. Og s\u00e5 vil ho ha ein prat med Olav Lidtveit fr\u00e5 Bygland, som er leiar i Nei til EU i Aust-Agder. Han hadde eit lesarinnlegg i Setesd\u00f8len sist tysdag.<\/p>\n<p>Her er programmet:<\/p>\n<p><strong>Tysdag 6. februar<\/strong><br \/>\nAnsvarleg og teknikar: Siri Johannessen<br \/>\n18.00 Kvarteret med Asbj\u00f8rn Kvalbein<br \/>\n18.15 Over ein open Bibel fr\u00e5 Norea<br \/>\n18.30 Sangtimen, to og to&#8230;<br \/>\n19.30 Aktuell time med Halvard Hassel\u00f8y fr\u00e5 Open Heart og Olav<br \/>\nLidtveit fr\u00e5 Nei til EU<br \/>\np\u00e5 telefonen<br \/>\n20.30 Postludium med Niklos K. Besteland<br \/>\n21.00 Kyrkjebakken<\/p>\n<p>NETTRADIO via\u00a0<a href=\"http:\/\/www.valleradio.com\/\" target=\"_blank\" rel=\"noopener noreferrer\" data-saferedirecturl=\"https:\/\/www.google.com\/url?hl=no&amp;q=http:\/\/www.valleradio.com&amp;source=gmail&amp;ust=1517915993971000&amp;usg=AFQjCNGnyZhAZT32u3ojPBabgpbIioiNLg\">http:\/\/www.valleradio.com<\/a><\/p>\n","protected":false},"excerpt":{"rendered":"<p>Den f\u00f8rste tysdagen i februar 2018 er programmet i Valle Radio lagt slik at det syner ein tysdagsprofil som har utvikla seg over mange \u00e5r. Heilt fr\u00e5 vi starta med tysdagsprogram har profilen vore kyrkje, kristenliv og kultur. Det er no over 20 \u00e5r sidan. P\u00e5 desse \u00e5ra har tysdagsprogramma utvikla seg til \u00e5 bli &hellip; <a href=\"https:\/\/setesdalswiki.no\/blog\/tysdagsprofil\/\" class=\"more-link\">Les meir om <span class=\"screen-reader-text\">Tysdagsprofil<\/span> <span class=\"meta-nav\">&rarr;<\/span><\/a><\/p>\n","protected":false},"author":2,"featured_media":0,"comment_status":"open","ping_status":"open","sticky":false,"template":"","format":"standard","meta":{"_s2mail":"yes","footnotes":""},"categories":[6],"tags":[],"class_list":["post-20660033","post","type-post","status-publish","format-standard","hentry","category-ymse"],"_links":{"self":[{"href":"https:\/\/setesdalswiki.no\/blog\/wp-json\/wp\/v2\/posts\/20660033"}],"collection":[{"href":"https:\/\/setesdalswiki.no\/blog\/wp-json\/wp\/v2\/posts"}],"about":[{"href":"https:\/\/setesdalswiki.no\/blog\/wp-json\/wp\/v2\/types\/post"}],"author":[{"embeddable":true,"href":"https:\/\/setesdalswiki.no\/blog\/wp-json\/wp\/v2\/users\/2"}],"replies":[{"embeddable":true,"href":"https:\/\/setesdalswiki.no\/blog\/wp-json\/wp\/v2\/comments?post=20660033"}],"version-history":[{"count":1,"href":"https:\/\/setesdalswiki.no\/blog\/wp-json\/wp\/v2\/posts\/20660033\/revisions"}],"predecessor-version":[{"id":20660034,"href":"https:\/\/setesdalswiki.no\/blog\/wp-json\/wp\/v2\/posts\/20660033\/revisions\/20660034"}],"wp:attachment":[{"href":"https:\/\/setesdalswiki.no\/blog\/wp-json\/wp\/v2\/media?parent=20660033"}],"wp:term":[{"taxonomy":"category","embeddable":true,"href":"https:\/\/setesdalswiki.no\/blog\/wp-json\/wp\/v2\/categories?post=20660033"},{"taxonomy":"post_tag","embeddable":true,"href":"https:\/\/setesdalswiki.no\/blog\/wp-json\/wp\/v2\/tags?post=20660033"}],"curies":[{"name":"wp","href":"https:\/\/api.w.org\/{rel}","templated":true}]}}