{"id":20660020,"date":"2018-01-31T23:07:27","date_gmt":"2018-01-31T22:07:27","guid":{"rendered":"http:\/\/blog.setesdalswiki.no\/?p=20660020"},"modified":"2018-01-31T23:08:14","modified_gmt":"2018-01-31T22:08:14","slug":"en-annen-blogg","status":"publish","type":"post","link":"https:\/\/setesdalswiki.no\/blog\/en-annen-blogg\/","title":{"rendered":"En annen blogg"},"content":{"rendered":"<p>Mandag var jeg i Lyngdal og bes\u00f8kte min s\u00f8ster. Vi kom til \u00e5 snakke litt om bloggen min, at den er mest fokusert p\u00e5 Setesdal, selv om jeg n\u00e5 bor i Mandal. Hodet er i Setesdal selv om kroppen er i Mandal.<\/p>\n<p>Jeg sa da at bloggen ble startet for \u00e5 skrive om programmer i Valle Radio, og det holder jeg jo p\u00e5 med fortsatt, selv om jeg ikke h\u00f8rer s\u00e5 mye p\u00e5 Valle Radio n\u00e5 som tidligere. Selv om den byttet navn fra Valle Radios blogg til Blogg for Harald, er fokus fremdeles for det meste p\u00e5 programmer i Valle Radio.<\/p>\n<p>I dag var det sagt at det skulle v\u00e6re kommunestyrem\u00f8te i Valle, og det var det for s\u00e5 vidt ogs\u00e5, selv om man ikke skulle vedta noe. Kommunestyret hadde dr\u00f8fting av aktuelle saker p\u00e5 helsesektoren. Der har man jo hatt et samarbeid med Bykle en stund n\u00e5. Jeg h\u00f8rte ikke p\u00e5 programmet, s\u00e5 det lar jeg ligge.<\/p>\n<p>Men under praten i Lyngdal kom min s\u00f8ster til \u00e5 nevne at hun av og til leste Trygve Omlands blogg. Han skriver blogg fra Lyngdal og sveiper over lokale s\u00e5 vel som andre emner.<\/p>\n<p>Da jeg kom tilbake til Mandal, m\u00e5tte jeg g\u00e5 inn p\u00e5 den bloggen og lese litt der, og det var mye interessant \u00e5 lese. De siste dagene har han skrevet om Per Fugelli, men han har ogs\u00e5 tekster om Lyngdal helsehus, kirka i Seefeld, Mj\u00f8lking f\u00f8r i tida og Edvard Hoems bok Liv andre har levd, for \u00e5 nevne noen av de siste.<\/p>\n<p>S\u00e5 i kveld vil jeg anbefale deg som leser min blogg \u00e5 ta turen innom <a href=\"http:\/\/trom.blogg.no\/\">Trygve Omlands blogg<\/a>, kanskje du finner noe interessant \u00e5 ta med deg derfra, du ogs\u00e5.\u00a0http:\/\/trom.blogg.no\/<\/p>\n<p>&nbsp;<\/p>\n","protected":false},"excerpt":{"rendered":"<p>Mandag var jeg i Lyngdal og bes\u00f8kte min s\u00f8ster. Vi kom til \u00e5 snakke litt om bloggen min, at den er mest fokusert p\u00e5 Setesdal, selv om jeg n\u00e5 bor i Mandal. Hodet er i Setesdal selv om kroppen er i Mandal. Jeg sa da at bloggen ble startet for \u00e5 skrive om programmer i &hellip; <a href=\"https:\/\/setesdalswiki.no\/blog\/en-annen-blogg\/\" class=\"more-link\">Les meir om <span class=\"screen-reader-text\">En annen blogg<\/span> <span class=\"meta-nav\">&rarr;<\/span><\/a><\/p>\n","protected":false},"author":2,"featured_media":0,"comment_status":"open","ping_status":"open","sticky":false,"template":"","format":"standard","meta":{"_s2mail":"yes","footnotes":""},"categories":[6],"tags":[],"class_list":["post-20660020","post","type-post","status-publish","format-standard","hentry","category-ymse"],"_links":{"self":[{"href":"https:\/\/setesdalswiki.no\/blog\/wp-json\/wp\/v2\/posts\/20660020"}],"collection":[{"href":"https:\/\/setesdalswiki.no\/blog\/wp-json\/wp\/v2\/posts"}],"about":[{"href":"https:\/\/setesdalswiki.no\/blog\/wp-json\/wp\/v2\/types\/post"}],"author":[{"embeddable":true,"href":"https:\/\/setesdalswiki.no\/blog\/wp-json\/wp\/v2\/users\/2"}],"replies":[{"embeddable":true,"href":"https:\/\/setesdalswiki.no\/blog\/wp-json\/wp\/v2\/comments?post=20660020"}],"version-history":[{"count":2,"href":"https:\/\/setesdalswiki.no\/blog\/wp-json\/wp\/v2\/posts\/20660020\/revisions"}],"predecessor-version":[{"id":20660022,"href":"https:\/\/setesdalswiki.no\/blog\/wp-json\/wp\/v2\/posts\/20660020\/revisions\/20660022"}],"wp:attachment":[{"href":"https:\/\/setesdalswiki.no\/blog\/wp-json\/wp\/v2\/media?parent=20660020"}],"wp:term":[{"taxonomy":"category","embeddable":true,"href":"https:\/\/setesdalswiki.no\/blog\/wp-json\/wp\/v2\/categories?post=20660020"},{"taxonomy":"post_tag","embeddable":true,"href":"https:\/\/setesdalswiki.no\/blog\/wp-json\/wp\/v2\/tags?post=20660020"}],"curies":[{"name":"wp","href":"https:\/\/api.w.org\/{rel}","templated":true}]}}