{"id":20659130,"date":"2016-12-14T23:49:04","date_gmt":"2016-12-14T22:49:04","guid":{"rendered":"http:\/\/blog.setesdalswiki.no\/?p=20659130"},"modified":"2016-12-14T23:49:05","modified_gmt":"2016-12-14T22:49:05","slug":"onsdagsprogram-14-desember-2016","status":"publish","type":"post","link":"https:\/\/setesdalswiki.no\/blog\/onsdagsprogram-14-desember-2016\/","title":{"rendered":"Onsdagsprogram 14. desember 2016"},"content":{"rendered":"<figure id=\"attachment_20659131\" aria-describedby=\"caption-attachment-20659131\" style=\"width: 960px\" class=\"wp-caption aligncenter\"><a href=\"http:\/\/blog.setesdalswiki.no\/2016\/12\/onsdagsprogram-14-desember-2016\/hylestad\/\" rel=\"attachment wp-att-20659131\"><img loading=\"lazy\" decoding=\"async\" class=\"size-full wp-image-20659131\" src=\"http:\/\/blog.setesdalswiki.no\/wp-content\/uploads\/2016\/12\/Hylestad.jpg\" alt=\"Utsikt over Hylestad sett fr\u00e5 Berg. Foto: \u00d8ystein Berg\" width=\"960\" height=\"540\" srcset=\"https:\/\/setesdalswiki.no\/blog\/wp-content\/uploads\/2016\/12\/Hylestad.jpg 960w, https:\/\/setesdalswiki.no\/blog\/wp-content\/uploads\/2016\/12\/Hylestad-300x169.jpg 300w, https:\/\/setesdalswiki.no\/blog\/wp-content\/uploads\/2016\/12\/Hylestad-768x432.jpg 768w\" sizes=\"(max-width: 960px) 100vw, 960px\" \/><\/a><figcaption id=\"caption-attachment-20659131\" class=\"wp-caption-text\">Utsikt over Hylestad sett fr\u00e5 Berg. Foto: \u00d8ystein Berg<\/figcaption><\/figure>\n<p>Eg fekk ikkje tilsendt onsdagsprogrammet saman med tysdagsprogrammet denne veka, s\u00e5 difor var det ikkje med d\u00e5 eg la ut programmet m\u00e5ndagskvelden. No er sendinga over, s\u00e5 det blir bare for ettertida at eg tek det med slik eg fann det p\u00e5 Valle Radio si facebookside i kveld. Av ein eller annan grunn fungerer ikkje lenka s\u00e5 eg f\u00e5r ikkje h\u00f8yre nettradio, men vonleg vert det fiksa etter kvart.<\/p>\n<div class=\"_3-8j\">\n<div>\n<div class=\"_5r69\">\n<div class=\"mtm\">\n<div class=\"mtm _5pcm\">\n<div class=\"mtm _5pco\" data-ft=\"{&quot;tn&quot;:&quot;K&quot;}\">\n<div id=\"id_5851cadc01d213562456182\" class=\"text_exposed_root text_exposed\">\n<p><strong>Program onsdag 14.12.16<\/strong><br \/>\nAnsvarleg og teknikar Siri Johannessen<br \/>\nTlf.vakt Jorunn Lund Harstad<br \/>\n19.00 Tankar fr\u00e5 Bibelen med H\u00e5vard Viki<br \/>\n19.30 Kommunen informerer <span class=\"text_exposed_show\">med biblioteksjef Aud Kjersti Torbj\u00f8rnsen<br \/>\n20.00 Ronnys time<br \/>\n&#8211; Steinar Kyrvestad om fylkessammensl\u00e5ingen<br \/>\n-\u00d8rnulf Hasla om sendinga fr\u00e5 Valle sentrum 23.des.<br \/>\n21.00 Opi sending med Ronny Stavsholt<\/span><\/p>\n<p><span class=\"text_exposed_show\">Vinnarane av rebusl\u00f8ysingane er:<br \/>\nAnne Lise Harstad, Hildeborg Lund,\u00a0Gyro Kopperud og Signe Rysstad.<\/span><\/p>\n<p><span class=\"text_exposed_show\"><a class=\"_58cn\" href=\"https:\/\/www.facebook.com\/hashtag\/valleradio?source=feed_text&amp;story_id=10158002568590457\" data-ft=\"{&quot;tn&quot;:&quot;*N&quot;,&quot;type&quot;:104}\"><span class=\"_5afx\"><span class=\"_58cl _5afz\">#<\/span><span class=\"_58cm\">valleradio<\/span><\/span><\/a> Telefon: 41776666<br \/>\nNETTRADIO: <a href=\"http:\/\/l.facebook.com\/l.php?u=http%3A%2F%2F159.171.56.26%3A8000%2Flive.m3u&amp;h=aAQEbiUEGAQEJoxYKnfNZ4rACw-Q_V74gC-CqyyzXcO-RfA&amp;enc=AZMvg4d73ujY-BrVwDhTI8-o_7oMQomfxtCzygS7f9XsPyACK7hRZN2AcMYHPrlY-_7-nSy1f4r6eOldoEg8iNedu8orfZIR_VjQE-S979XsSN-HllBYDmY8ZMwWOhkmGx8u6Hf9YysBpVHP-FVRSBk_zjdUBtEao01q27sU4XbF2CBr8NLk6s1dY3Etxk9kMPcgg9zGRQSyIqWfU2Wk-tor&amp;s=1\" target=\"_blank\" rel=\"nofollow\">http:\/\/159.171.56.26:8000\/live.m3u<\/a><\/span><\/p>\n<p>&nbsp;<\/p>\n<\/div>\n<\/div>\n<\/div>\n<\/div>\n<\/div>\n<\/div>\n<\/div>\n","protected":false},"excerpt":{"rendered":"<p>Eg fekk ikkje tilsendt onsdagsprogrammet saman med tysdagsprogrammet denne veka, s\u00e5 difor var det ikkje med d\u00e5 eg la ut programmet m\u00e5ndagskvelden. No er sendinga over, s\u00e5 det blir bare for ettertida at eg tek det med slik eg fann det p\u00e5 Valle Radio si facebookside i kveld. Av ein eller annan grunn fungerer ikkje &hellip; <a href=\"https:\/\/setesdalswiki.no\/blog\/onsdagsprogram-14-desember-2016\/\" class=\"more-link\">Les meir om <span class=\"screen-reader-text\">Onsdagsprogram 14. desember 2016<\/span> <span class=\"meta-nav\">&rarr;<\/span><\/a><\/p>\n","protected":false},"author":2,"featured_media":0,"comment_status":"open","ping_status":"open","sticky":false,"template":"","format":"standard","meta":{"_s2mail":"yes","footnotes":""},"categories":[6],"tags":[],"class_list":["post-20659130","post","type-post","status-publish","format-standard","hentry","category-ymse"],"_links":{"self":[{"href":"https:\/\/setesdalswiki.no\/blog\/wp-json\/wp\/v2\/posts\/20659130"}],"collection":[{"href":"https:\/\/setesdalswiki.no\/blog\/wp-json\/wp\/v2\/posts"}],"about":[{"href":"https:\/\/setesdalswiki.no\/blog\/wp-json\/wp\/v2\/types\/post"}],"author":[{"embeddable":true,"href":"https:\/\/setesdalswiki.no\/blog\/wp-json\/wp\/v2\/users\/2"}],"replies":[{"embeddable":true,"href":"https:\/\/setesdalswiki.no\/blog\/wp-json\/wp\/v2\/comments?post=20659130"}],"version-history":[{"count":2,"href":"https:\/\/setesdalswiki.no\/blog\/wp-json\/wp\/v2\/posts\/20659130\/revisions"}],"predecessor-version":[{"id":20659133,"href":"https:\/\/setesdalswiki.no\/blog\/wp-json\/wp\/v2\/posts\/20659130\/revisions\/20659133"}],"wp:attachment":[{"href":"https:\/\/setesdalswiki.no\/blog\/wp-json\/wp\/v2\/media?parent=20659130"}],"wp:term":[{"taxonomy":"category","embeddable":true,"href":"https:\/\/setesdalswiki.no\/blog\/wp-json\/wp\/v2\/categories?post=20659130"},{"taxonomy":"post_tag","embeddable":true,"href":"https:\/\/setesdalswiki.no\/blog\/wp-json\/wp\/v2\/tags?post=20659130"}],"curies":[{"name":"wp","href":"https:\/\/api.w.org\/{rel}","templated":true}]}}