{"id":20658627,"date":"2016-08-16T23:45:28","date_gmt":"2016-08-16T21:45:28","guid":{"rendered":"http:\/\/blog.setesdalswiki.no\/?p=20658627"},"modified":"2016-08-16T23:45:29","modified_gmt":"2016-08-16T21:45:29","slug":"alle-gar-pa-biblioteket","status":"publish","type":"post","link":"https:\/\/setesdalswiki.no\/blog\/alle-gar-pa-biblioteket\/","title":{"rendered":"Alle g\u00e5r p\u00e5 biblioteket"},"content":{"rendered":"<figure id=\"attachment_20658628\" aria-describedby=\"caption-attachment-20658628\" style=\"width: 800px\" class=\"wp-caption aligncenter\"><a href=\"http:\/\/blog.setesdalswiki.no\/2016\/08\/alle-gar-pa-biblioteket\/molter\/\" rel=\"attachment wp-att-20658628\"><img loading=\"lazy\" decoding=\"async\" class=\"size-full wp-image-20658628\" src=\"http:\/\/blog.setesdalswiki.no\/wp-content\/uploads\/2016\/08\/Molter.jpg\" alt=\"Kaja Tho plukka molter og snakka i Valle Radio i kveld. Foto: Christoph M\u00fcller\/ Wikimedia Commons\" width=\"800\" height=\"532\" srcset=\"https:\/\/setesdalswiki.no\/blog\/wp-content\/uploads\/2016\/08\/Molter.jpg 800w, https:\/\/setesdalswiki.no\/blog\/wp-content\/uploads\/2016\/08\/Molter-300x200.jpg 300w, https:\/\/setesdalswiki.no\/blog\/wp-content\/uploads\/2016\/08\/Molter-768x511.jpg 768w\" sizes=\"(max-width: 800px) 100vw, 800px\" \/><\/a><figcaption id=\"caption-attachment-20658628\" class=\"wp-caption-text\">Kaja Tho plukka molter og snakka i Valle Radio i kveld. Foto: Christoph M\u00fcller\/ Wikimedia Commons<\/figcaption><\/figure>\n<p>I Bykle g\u00e5r alle p\u00e5 biblioteket annankvar veke. Det har f\u00f8rt kommunen til topps p\u00e5 statistikken over bibliotekbes\u00f8k pr. innbyggjar. 25 bes\u00f8k pr. byklar i 2015, det gir bes\u00f8k annankvar veke i gjennomsnitt.<\/p>\n<p>I kveld hadde eg med Kaja Kristin Tho, biblioteksjefen i Bykle p\u00e5 telefonen for \u00e5 fortelje om dette, ho kom til Bykle i 2007 og fekk seg arbeid p\u00e5 kulturhuset. S\u00e5 tok ho sjukepleiarutdanning, men fekk ogs\u00e5 med seg nok studiepoeng i bibliotekfag til \u00e5 f\u00e5 jobben i Bykle i 2013. Kommunen har biblioteka sine i grendehusa, dei er kombinasjonsbibliotek, s\u00e5 skuleelevar er tungt inne i dei tala, for dei g\u00e5r jo ofte p\u00e5 biblioteket. Men begge biblioteka ligg i avstand fr\u00e5 skulane, s\u00e5 elevane m\u00e5 ut n\u00e5r dei skal p\u00e5 biblioteket.<\/p>\n<p>Ettersom avdelingane ligg i kulturhus, er det mykje folk i biblioteket sitt n\u00e6romr\u00e5de, og n\u00e5r ein har gode opningstider, p\u00e5 Hovden er biblioteket ope fr\u00e5 klokka 8 til 22 dei fleste dagane i veka, blir det mykje bes\u00f8k.<\/p>\n<p>I sommar hadde dei lesekonkurranse, 50 barn deltok, dei skulle lese 5 b\u00f8ker kvar for \u00e5 f\u00e5 invitasjon til festen, men mange las veldig mange b\u00f8ker. Det gjekk sport i det, her talde b\u00e5de tynne og tjukke b\u00f8ker. I september skal det vere fest for alle som klarte kravet.<\/p>\n<p>Kaja tok ein pause i molteplukkinga for \u00e5 vere med i Valle Radio. Ho er ogs\u00e5 aktiv i husflidslaget og fortalde at dei skal ha kurs i plantefarging med Karin B\u00f8e i haust, og d\u00e5 treng dei store jerngryter som seinare ikkje kan brukast til mat.<\/p>\n","protected":false},"excerpt":{"rendered":"<p>I Bykle g\u00e5r alle p\u00e5 biblioteket annankvar veke. Det har f\u00f8rt kommunen til topps p\u00e5 statistikken over bibliotekbes\u00f8k pr. innbyggjar. 25 bes\u00f8k pr. byklar i 2015, det gir bes\u00f8k annankvar veke i gjennomsnitt. I kveld hadde eg med Kaja Kristin Tho, biblioteksjefen i Bykle p\u00e5 telefonen for \u00e5 fortelje om dette, ho kom til Bykle &hellip; <a href=\"https:\/\/setesdalswiki.no\/blog\/alle-gar-pa-biblioteket\/\" class=\"more-link\">Les meir om <span class=\"screen-reader-text\">Alle g\u00e5r p\u00e5 biblioteket<\/span> <span class=\"meta-nav\">&rarr;<\/span><\/a><\/p>\n","protected":false},"author":2,"featured_media":0,"comment_status":"open","ping_status":"open","sticky":false,"template":"","format":"standard","meta":{"_s2mail":"yes","footnotes":""},"categories":[6],"tags":[],"class_list":["post-20658627","post","type-post","status-publish","format-standard","hentry","category-ymse"],"_links":{"self":[{"href":"https:\/\/setesdalswiki.no\/blog\/wp-json\/wp\/v2\/posts\/20658627"}],"collection":[{"href":"https:\/\/setesdalswiki.no\/blog\/wp-json\/wp\/v2\/posts"}],"about":[{"href":"https:\/\/setesdalswiki.no\/blog\/wp-json\/wp\/v2\/types\/post"}],"author":[{"embeddable":true,"href":"https:\/\/setesdalswiki.no\/blog\/wp-json\/wp\/v2\/users\/2"}],"replies":[{"embeddable":true,"href":"https:\/\/setesdalswiki.no\/blog\/wp-json\/wp\/v2\/comments?post=20658627"}],"version-history":[{"count":2,"href":"https:\/\/setesdalswiki.no\/blog\/wp-json\/wp\/v2\/posts\/20658627\/revisions"}],"predecessor-version":[{"id":20658630,"href":"https:\/\/setesdalswiki.no\/blog\/wp-json\/wp\/v2\/posts\/20658627\/revisions\/20658630"}],"wp:attachment":[{"href":"https:\/\/setesdalswiki.no\/blog\/wp-json\/wp\/v2\/media?parent=20658627"}],"wp:term":[{"taxonomy":"category","embeddable":true,"href":"https:\/\/setesdalswiki.no\/blog\/wp-json\/wp\/v2\/categories?post=20658627"},{"taxonomy":"post_tag","embeddable":true,"href":"https:\/\/setesdalswiki.no\/blog\/wp-json\/wp\/v2\/tags?post=20658627"}],"curies":[{"name":"wp","href":"https:\/\/api.w.org\/{rel}","templated":true}]}}