{"id":20658514,"date":"2016-07-24T23:58:37","date_gmt":"2016-07-24T21:58:37","guid":{"rendered":"http:\/\/blog.setesdalswiki.no\/?p=20658514"},"modified":"2016-07-25T00:16:58","modified_gmt":"2016-07-24T22:16:58","slug":"sykkelfesten-er-slutt","status":"publish","type":"post","link":"https:\/\/setesdalswiki.no\/blog\/sykkelfesten-er-slutt\/","title":{"rendered":"Sykkelfesten er slutt"},"content":{"rendered":"<p>I dag vart Tour de France avslutta i Paris med dei vanlege rundane p\u00e5 Champs Elysee. Alexander Kristoff vart nummer tre og Edvald Boasson Hagen vart nummer fire.<\/p>\n<p>Rittet har blitt sendt p\u00e5 TV2 i tre veker, s\u00e5 vi har hatt godt h\u00f8ve til \u00e5 f\u00f8lgje med og oppleve underhaldning av h\u00f8g klasse og idrett i ultraklassen. Helikopter svirrar over l\u00f8ypa og motorsyklar og bilar formidlar bilete fr\u00e5 l\u00f8ypa p\u00e5 ein sv\u00e6rt sj\u00e5verdig m\u00e5te.<\/p>\n<p>Det er jo spektakul\u00e6r underhaldning rundt l\u00f8ypa ogs\u00e5. Mange nordmenn legg ferien til Frankrike i denne tida. Dei stiller seg opp langs l\u00f8ypa med vaflar og h\u00e5par Dag Otto Lauritsen skal stoppe og f\u00e5 seg ein smak. Og stoppar gjer han, kommentatorane er visst litt misunnelege p\u00e5 all den gode maten han f\u00e5r.<\/p>\n<p>Eg m\u00e5tte jo minnast <a href=\"http:\/\/www.setesdalswiki.no\/wiki\/Tour_des_Fjords\">Tour des Fjords i 2013<\/a>, det starta jo i Valle. D\u00e5 laga eg ein artikkel p\u00e5 Setesdalswiki med oversikt over alle deltakarane, det er jo slik, har eg sagt mange gonger, at har du reist gjennom Setesdal eller vore i dalen,\u00a0kan du f\u00e5 artikkel p\u00e5 Setesdalswiki. Den er ekstremt inkluderande, heilt ulik Wikipedia, som\u00a0har eit nasjonalt fokus.<\/p>\n<p>N\u00e5 ville vel deltakarane i Tour des Fjords 2013 vore notable for artiklar p\u00e5 Wikipedia ogs\u00e5, men eg er ikkje sikker p\u00e5 om dei har blitt omtalte der, nokon m\u00e5 jo skrive desse artiklane. Og artiklar om sportsfolk er vanskeleg \u00e5 halde oppdaterte. Difor har eg ikkje skrive om dei enkeltvis. Det kunne\/ burde eg gjort.<\/p>\n<p>Men fleire av dei som vi har sett p\u00e5 TV desse tre vekene, har ogs\u00e5 vore i Valle. Dei sykla fr\u00e5 Valle til Stavanger i ausande regnver fredag 16.\u00a0\u00a0august 2013. Det var ikkje bare Alexander Kristoff, men ogs\u00e5 mange av dei andre: Marco Haller, Julian Alaphilippe, Laurens ten Dam, Sep Vanmarke, Louis Meintjes og Vegar Breen.<\/p>\n<figure id=\"attachment_20658515\" aria-describedby=\"caption-attachment-20658515\" style=\"width: 1013px\" class=\"wp-caption aligncenter\"><a href=\"http:\/\/blog.setesdalswiki.no\/2016\/07\/sykkelfesten-er-slutt\/tour_de_france_2016_champdor_4\/\" rel=\"attachment wp-att-20658515\"><img loading=\"lazy\" decoding=\"async\" class=\"size-full wp-image-20658515\" src=\"http:\/\/blog.setesdalswiki.no\/wp-content\/uploads\/2016\/07\/Tour_de_France_2016_Champdor_4.jpg\" alt=\"Foto: Wikimedia Commons\" width=\"1013\" height=\"900\" srcset=\"https:\/\/setesdalswiki.no\/blog\/wp-content\/uploads\/2016\/07\/Tour_de_France_2016_Champdor_4.jpg 1013w, https:\/\/setesdalswiki.no\/blog\/wp-content\/uploads\/2016\/07\/Tour_de_France_2016_Champdor_4-300x267.jpg 300w, https:\/\/setesdalswiki.no\/blog\/wp-content\/uploads\/2016\/07\/Tour_de_France_2016_Champdor_4-768x682.jpg 768w\" sizes=\"(max-width: 1013px) 100vw, 1013px\" \/><\/a><figcaption id=\"caption-attachment-20658515\" class=\"wp-caption-text\">Foto: Wikimedia Commons &#8211;\u00a0<b>Beno\u00eet Prieur (Agamitsudo) &#8211; CC-BY-SA<\/b><\/figcaption><\/figure>\n","protected":false},"excerpt":{"rendered":"<p>I dag vart Tour de France avslutta i Paris med dei vanlege rundane p\u00e5 Champs Elysee. Alexander Kristoff vart nummer tre og Edvald Boasson Hagen vart nummer fire. Rittet har blitt sendt p\u00e5 TV2 i tre veker, s\u00e5 vi har hatt godt h\u00f8ve til \u00e5 f\u00f8lgje med og oppleve underhaldning av h\u00f8g klasse og idrett &hellip; <a href=\"https:\/\/setesdalswiki.no\/blog\/sykkelfesten-er-slutt\/\" class=\"more-link\">Les meir om <span class=\"screen-reader-text\">Sykkelfesten er slutt<\/span> <span class=\"meta-nav\">&rarr;<\/span><\/a><\/p>\n","protected":false},"author":2,"featured_media":0,"comment_status":"open","ping_status":"open","sticky":false,"template":"","format":"standard","meta":{"_s2mail":"yes","footnotes":""},"categories":[6],"tags":[],"class_list":["post-20658514","post","type-post","status-publish","format-standard","hentry","category-ymse"],"_links":{"self":[{"href":"https:\/\/setesdalswiki.no\/blog\/wp-json\/wp\/v2\/posts\/20658514"}],"collection":[{"href":"https:\/\/setesdalswiki.no\/blog\/wp-json\/wp\/v2\/posts"}],"about":[{"href":"https:\/\/setesdalswiki.no\/blog\/wp-json\/wp\/v2\/types\/post"}],"author":[{"embeddable":true,"href":"https:\/\/setesdalswiki.no\/blog\/wp-json\/wp\/v2\/users\/2"}],"replies":[{"embeddable":true,"href":"https:\/\/setesdalswiki.no\/blog\/wp-json\/wp\/v2\/comments?post=20658514"}],"version-history":[{"count":5,"href":"https:\/\/setesdalswiki.no\/blog\/wp-json\/wp\/v2\/posts\/20658514\/revisions"}],"predecessor-version":[{"id":20658520,"href":"https:\/\/setesdalswiki.no\/blog\/wp-json\/wp\/v2\/posts\/20658514\/revisions\/20658520"}],"wp:attachment":[{"href":"https:\/\/setesdalswiki.no\/blog\/wp-json\/wp\/v2\/media?parent=20658514"}],"wp:term":[{"taxonomy":"category","embeddable":true,"href":"https:\/\/setesdalswiki.no\/blog\/wp-json\/wp\/v2\/categories?post=20658514"},{"taxonomy":"post_tag","embeddable":true,"href":"https:\/\/setesdalswiki.no\/blog\/wp-json\/wp\/v2\/tags?post=20658514"}],"curies":[{"name":"wp","href":"https:\/\/api.w.org\/{rel}","templated":true}]}}