{"id":19982307,"date":"2015-01-16T23:02:41","date_gmt":"2015-01-16T23:02:41","guid":{"rendered":"http:\/\/blog.setesdalswiki.no\/2015\/01\/anetavle-19982307\/"},"modified":"2015-01-16T23:02:41","modified_gmt":"2015-01-16T23:02:41","slug":"anetavle-19982307","status":"publish","type":"post","link":"https:\/\/setesdalswiki.no\/blog\/anetavle-19982307\/","title":{"rendered":"Anetavle"},"content":{"rendered":"<p>Den siste veka har Setesdalswiki f\u00e5tt anetavler for nokre av biografiane. Det er Helge Haugland som har lagt dei inn, han har serveren for nettstaden og har hatt mange gode idear for \u00e5 gjere Setesdalswiki til eit litt annleis leksikon.<\/p>\n<p>Nokre av dykk som les dette vil vite at han har vore oppteken av slektsgransking i nokre \u00e5r, noko som ogs\u00e5 gjorde at han i si tid hadde kurs i Valle om data i slektsforskninga. I samband med dette starta han med \u00e5 leggje inn namn fr\u00e5 bygdeb\u00f8kene for Valle i ein database, og etter kvart har han bygd den ut til \u00e5 bli ganske omfattande.<\/p>\n<p>N\u00e5r no Setesdalswiki har f\u00e5tt datoartiklar tilbake til 1800 kunne ein g\u00e5 litt vidare \u00e5 legge grunnlaget for anetavler basert p\u00e5 bygdeb\u00f8kene. D\u00e5 eg snakka med han i kveld, fortalde han at inspirasjonen kom fr\u00e5 nokre malar han fann p\u00e5 Wikipedia, dei kunne nytte informasjon fr\u00e5 databasen han alt hadde, s\u00e5 det tok ikkje s\u00e5 lang tid \u00e5 legge inn nokre eksemple p\u00e5 anetavler nokre generasjonar bakover.<\/p>\n<p>Sjekk ut desse, s\u00e5 ser du kva eg meiner:<br \/>\nhttp:\/\/www.setesdalswiki.no\/wiki\/%C3%98ystein_Berg<br \/>\nhttp:\/\/www.setesdalswiki.no\/wiki\/Tarald_Myrum<br \/>\nhttp:\/\/www.setesdalswiki.no\/wiki\/Knut_F._Uppstad<br \/>\nhttp:\/\/www.setesdalswiki.no\/wiki\/Hugo_Homme<\/p>\n","protected":false},"excerpt":{"rendered":"<p>Den siste veka har Setesdalswiki f\u00e5tt anetavler for nokre av biografiane. Det er Helge Haugland som har lagt dei inn, han har serveren for nettstaden og har hatt mange gode idear for \u00e5 gjere Setesdalswiki til eit litt annleis leksikon. Nokre av dykk som les dette vil vite at han har vore oppteken av slektsgransking &hellip; <a href=\"https:\/\/setesdalswiki.no\/blog\/anetavle-19982307\/\" class=\"more-link\">Les meir om <span class=\"screen-reader-text\">Anetavle<\/span> <span class=\"meta-nav\">&rarr;<\/span><\/a><\/p>\n","protected":false},"author":2,"featured_media":0,"comment_status":"open","ping_status":"open","sticky":false,"template":"","format":"standard","meta":{"_s2mail":"","footnotes":""},"categories":[6],"tags":[],"class_list":["post-19982307","post","type-post","status-publish","format-standard","hentry","category-ymse"],"_links":{"self":[{"href":"https:\/\/setesdalswiki.no\/blog\/wp-json\/wp\/v2\/posts\/19982307"}],"collection":[{"href":"https:\/\/setesdalswiki.no\/blog\/wp-json\/wp\/v2\/posts"}],"about":[{"href":"https:\/\/setesdalswiki.no\/blog\/wp-json\/wp\/v2\/types\/post"}],"author":[{"embeddable":true,"href":"https:\/\/setesdalswiki.no\/blog\/wp-json\/wp\/v2\/users\/2"}],"replies":[{"embeddable":true,"href":"https:\/\/setesdalswiki.no\/blog\/wp-json\/wp\/v2\/comments?post=19982307"}],"version-history":[{"count":0,"href":"https:\/\/setesdalswiki.no\/blog\/wp-json\/wp\/v2\/posts\/19982307\/revisions"}],"wp:attachment":[{"href":"https:\/\/setesdalswiki.no\/blog\/wp-json\/wp\/v2\/media?parent=19982307"}],"wp:term":[{"taxonomy":"category","embeddable":true,"href":"https:\/\/setesdalswiki.no\/blog\/wp-json\/wp\/v2\/categories?post=19982307"},{"taxonomy":"post_tag","embeddable":true,"href":"https:\/\/setesdalswiki.no\/blog\/wp-json\/wp\/v2\/tags?post=19982307"}],"curies":[{"name":"wp","href":"https:\/\/api.w.org\/{rel}","templated":true}]}}