{"id":19968989,"date":"2015-01-13T21:24:51","date_gmt":"2015-01-13T21:24:51","guid":{"rendered":"http:\/\/blog.setesdalswiki.no\/2015\/01\/avlyst-igjen-19968989\/"},"modified":"2015-01-13T21:24:51","modified_gmt":"2015-01-13T21:24:51","slug":"avlyst-igjen-19968989","status":"publish","type":"post","link":"https:\/\/setesdalswiki.no\/blog\/avlyst-igjen-19968989\/","title":{"rendered":"Avlyst igjen"},"content":{"rendered":"<p>Veret kan ein ikkje gjere s\u00e5 mykje med, ein m\u00e5 bare tilpasse seg. Tidleg m\u00e5ndag sende eg program til avisa for kvelden i kveld, programmet for i morgon var klart alt f\u00f8r helga, det tok Ronny og Britta Lise seg av.<\/p>\n<p>Men ved to-tida i dag fekk eg telefon fr\u00e5 \u00d8rnulf. Han bekrefta det eg var redd for. Det har vore ur\u00e5d \u00e5 f\u00e5 inn nrk og valle radio dei siste dagane, s\u00e5 eg tenkte nok litt p\u00e5 at det kom til \u00e5 bli usikkert med kveldens program. -Me m\u00e5 bare avlyse, sa han, og skulle kontakte Britta Lise for  sende ut melding p\u00e5 facebook. Eg la ut melding p\u00e5 Setesdalswiki og varsla dei eg skulle ha med meg. -Vi f\u00e5r kome att sterkare neste veke, sa Eh Ka Mwe Sein.<\/p>\n<p>P\u00e5 facebook fekk vi og sj\u00e5 eit bilete J\u00f8rund Georg hadde teke av sendaren p\u00e5 Ljom litt tidlegare i vinter, heilt g\u00f8ymd i sn\u00f8. Ingen kunne kome opp der i dette veret, s\u00e5 heller ikkje NRK sender p\u00e5 FM no. Sendarane st\u00e5r p\u00e5 same staden.<\/p>\n<p>Ja, ja, eg fann meg ei bok p\u00e5 biblioteket i staden og dukka ned i Ottar Grepstads Historia om Ivar Aasen. Godt skrive og interessant bilete av ein mann som betydde mykje for landet v\u00e5rt, faktisk er det hans skuld at du les dette p\u00e5 nynorsk.<\/p>\n","protected":false},"excerpt":{"rendered":"<p>Veret kan ein ikkje gjere s\u00e5 mykje med, ein m\u00e5 bare tilpasse seg. Tidleg m\u00e5ndag sende eg program til avisa for kvelden i kveld, programmet for i morgon var klart alt f\u00f8r helga, det tok Ronny og Britta Lise seg av. Men ved to-tida i dag fekk eg telefon fr\u00e5 \u00d8rnulf. Han bekrefta det eg &hellip; <a href=\"https:\/\/setesdalswiki.no\/blog\/avlyst-igjen-19968989\/\" class=\"more-link\">Les meir om <span class=\"screen-reader-text\">Avlyst igjen<\/span> <span class=\"meta-nav\">&rarr;<\/span><\/a><\/p>\n","protected":false},"author":2,"featured_media":0,"comment_status":"open","ping_status":"open","sticky":false,"template":"","format":"standard","meta":{"_s2mail":"","footnotes":""},"categories":[6],"tags":[],"class_list":["post-19968989","post","type-post","status-publish","format-standard","hentry","category-ymse"],"_links":{"self":[{"href":"https:\/\/setesdalswiki.no\/blog\/wp-json\/wp\/v2\/posts\/19968989"}],"collection":[{"href":"https:\/\/setesdalswiki.no\/blog\/wp-json\/wp\/v2\/posts"}],"about":[{"href":"https:\/\/setesdalswiki.no\/blog\/wp-json\/wp\/v2\/types\/post"}],"author":[{"embeddable":true,"href":"https:\/\/setesdalswiki.no\/blog\/wp-json\/wp\/v2\/users\/2"}],"replies":[{"embeddable":true,"href":"https:\/\/setesdalswiki.no\/blog\/wp-json\/wp\/v2\/comments?post=19968989"}],"version-history":[{"count":0,"href":"https:\/\/setesdalswiki.no\/blog\/wp-json\/wp\/v2\/posts\/19968989\/revisions"}],"wp:attachment":[{"href":"https:\/\/setesdalswiki.no\/blog\/wp-json\/wp\/v2\/media?parent=19968989"}],"wp:term":[{"taxonomy":"category","embeddable":true,"href":"https:\/\/setesdalswiki.no\/blog\/wp-json\/wp\/v2\/categories?post=19968989"},{"taxonomy":"post_tag","embeddable":true,"href":"https:\/\/setesdalswiki.no\/blog\/wp-json\/wp\/v2\/tags?post=19968989"}],"curies":[{"name":"wp","href":"https:\/\/api.w.org\/{rel}","templated":true}]}}