{"id":19913470,"date":"2015-01-01T00:06:20","date_gmt":"2015-01-01T00:06:20","guid":{"rendered":"http:\/\/blog.setesdalswiki.no\/2015\/01\/arsoppgjer-19913470\/"},"modified":"2015-01-01T00:06:20","modified_gmt":"2015-01-01T00:06:20","slug":"arsoppgjer-19913470","status":"publish","type":"post","link":"https:\/\/setesdalswiki.no\/blog\/arsoppgjer-19913470\/","title":{"rendered":"\u00c5rsoppgjer"},"content":{"rendered":"<p>\u00c5ret som gjekk, vart noks\u00e5 spesielt i Valle Radio. Den som tek seg tid til \u00e5 g\u00e5 gjennom bloggskrivinga mi, vil nok sj\u00e5 litt frustrasjon over at vi kom s\u00e5 seint i gang i haust. I tillegg hadde vi onsdagssending bare annankvar onsdag, s\u00e5 det vart ikkje mange onsdagskveldar med sending. http:\/\/www.setesdalswiki.no\/wiki\/Valle_Radio_program_hausten_2014<\/p>\n<p>Grunnen til at vi kom seint i gang, var at lynet slo ned i sendaren i \u00c5mli, den dekker Valle-bygda, s\u00e5 vi valde \u00e5 vente til den var reparert f\u00f8r vi starta opp i haust. Ei anna endring i 2014 var at vi gjekk over til \u00e5 starte klokka 19 p\u00e5 onsdagskveldane. Nyhetstimen fr\u00e5 18 til 19 gjekk ut, men mange kveldar vart det i staden lagt opp til nyhetstime fr\u00e5 20-21.<\/p>\n<p>Men det er aldri s\u00e5 galt at det ikkje er godt for noko. Eg fekk godt h\u00f8ve til \u00e5 ha nyhetssendingar p\u00e5 tysdagskveldane, s\u00e6rleg i haust d\u00e5 det ikkje var onsdagssendingar kvar veke. N\u00e5r det var onsdagsprogram, tok eg omsyn til det, men n\u00e5r det ikkje var onsdagsprogram, kunne eg noks\u00e5 fritt lage nyhetsprogram p\u00e5 tysdagane. Det er eg takksam for, eg likar \u00e5 lage nyhetsprogram i Valle Radio.<\/p>\n<p>Det som eg likevel synest er flott, er at vi i haust har f\u00e5tt til \u00e5 ha burmesisk halvtime i Valle Radio. Eg finn nyheter saman med dei to burmesiske programleiarane, det dekker 15 minutt, og s\u00e5 har vi ein andakt p\u00e5 burmesisk. N\u00e5r vi veit at det bur n\u00e6rare hundre personar som snakkar burmesisk i Setesdal, synest eg det er flott at vi har f\u00e5tt til dette.<\/p>\n<p>Endeleg har vi f\u00e5tt til nokre fors\u00f8k med \u00e5 legge ut lenke til sendingane p\u00e5 internett. Om vi klarar \u00e5 f\u00e5 det til, vil folk kunne h\u00f8yre programma v\u00e5re ogs\u00e5 i ettertid.<\/p>\n<p>Eg vonar at vi framleis klarar \u00e5 halde drift i Valle radio. Det blir mitt ny\u00e5rs\u00f8nske her p\u00e5 bloggen.<\/p>\n<p>Godt nytt \u00e5r.<\/p>\n","protected":false},"excerpt":{"rendered":"<p>\u00c5ret som gjekk, vart noks\u00e5 spesielt i Valle Radio. Den som tek seg tid til \u00e5 g\u00e5 gjennom bloggskrivinga mi, vil nok sj\u00e5 litt frustrasjon over at vi kom s\u00e5 seint i gang i haust. I tillegg hadde vi onsdagssending bare annankvar onsdag, s\u00e5 det vart ikkje mange onsdagskveldar med sending. http:\/\/www.setesdalswiki.no\/wiki\/Valle_Radio_program_hausten_2014 Grunnen til at &hellip; <a href=\"https:\/\/setesdalswiki.no\/blog\/arsoppgjer-19913470\/\" class=\"more-link\">Les meir om <span class=\"screen-reader-text\">\u00c5rsoppgjer<\/span> <span class=\"meta-nav\">&rarr;<\/span><\/a><\/p>\n","protected":false},"author":2,"featured_media":0,"comment_status":"open","ping_status":"open","sticky":false,"template":"","format":"standard","meta":{"_s2mail":"","footnotes":""},"categories":[6],"tags":[],"class_list":["post-19913470","post","type-post","status-publish","format-standard","hentry","category-ymse"],"_links":{"self":[{"href":"https:\/\/setesdalswiki.no\/blog\/wp-json\/wp\/v2\/posts\/19913470"}],"collection":[{"href":"https:\/\/setesdalswiki.no\/blog\/wp-json\/wp\/v2\/posts"}],"about":[{"href":"https:\/\/setesdalswiki.no\/blog\/wp-json\/wp\/v2\/types\/post"}],"author":[{"embeddable":true,"href":"https:\/\/setesdalswiki.no\/blog\/wp-json\/wp\/v2\/users\/2"}],"replies":[{"embeddable":true,"href":"https:\/\/setesdalswiki.no\/blog\/wp-json\/wp\/v2\/comments?post=19913470"}],"version-history":[{"count":0,"href":"https:\/\/setesdalswiki.no\/blog\/wp-json\/wp\/v2\/posts\/19913470\/revisions"}],"wp:attachment":[{"href":"https:\/\/setesdalswiki.no\/blog\/wp-json\/wp\/v2\/media?parent=19913470"}],"wp:term":[{"taxonomy":"category","embeddable":true,"href":"https:\/\/setesdalswiki.no\/blog\/wp-json\/wp\/v2\/categories?post=19913470"},{"taxonomy":"post_tag","embeddable":true,"href":"https:\/\/setesdalswiki.no\/blog\/wp-json\/wp\/v2\/tags?post=19913470"}],"curies":[{"name":"wp","href":"https:\/\/api.w.org\/{rel}","templated":true}]}}