{"id":19903645,"date":"2014-12-29T23:58:15","date_gmt":"2014-12-29T23:58:15","guid":{"rendered":"http:\/\/blog.setesdalswiki.no\/2014\/12\/malpris-og-arets-srlending-19903645\/"},"modified":"2014-12-29T23:58:15","modified_gmt":"2014-12-29T23:58:15","slug":"malpris-og-arets-srlending-19903645","status":"publish","type":"post","link":"https:\/\/setesdalswiki.no\/blog\/malpris-og-arets-srlending-19903645\/","title":{"rendered":"M\u00e5lpris og \u00c5rets S\u00f8rlending"},"content":{"rendered":"<p>\u00ab\u00c5 h\u00e5yyy adde samen. For en dage det hive vore i dag. I fyrmiddag fekk eg tlf at eg va \u00e5rets s\u00f8rlands kjendis \u00e5ss\u00e5 va eg ti flateland \u00e5 der fekk eg m\u00e5lprisen. Mange takk adde samen for flotte tilbakemeldingar\u00bb. Slik skreiv Tor Espen Helle p\u00e5 Facebook i dag.<\/p>\n<p>\u00c5 bli k\u00e5ra til \u00ab\u00c5rets s\u00f8rlandskjendis\u00bb og \u00e5 f\u00e5 m\u00e5lprisen same dagen kan nok bli mykje for nokon kvar. N\u00e5r ein ser p\u00e5 dei som var nominerte til \u00c5rets s\u00f8rlandskjendis, er det nok mange som p\u00e5 ulike m\u00e5tar har st\u00e5tt sterkt, men ingen slo alts\u00e5 Tor Espen. Det seier litt om kor sterkt programmet p\u00e5 TV har vore. For her var det mange kjende namn:<\/p>\n<p>Marte Wulff (33)<br \/>\nZlatko Tripi\u0107 (22)<br \/>\nLila Elveseter Abrahamsen (12)<br \/>\nToffen Gunnufsen (53)<br \/>\nRaylee (Charlotte Kristiansen, 17 \u00e5r)<br \/>\nAlejandro Fuentes (27)<br \/>\nCecilie Thunem-Saanum (42)<br \/>\nThor Hushovd (36)<br \/>\nSiri Toller\u00f8d (27)<br \/>\nErlend Ropstad (40)<br \/>\nVeronica B. Vallenes (35)<br \/>\nSteinar J. Olsen (44)<br \/>\nSarita Sehjpal (47)<br \/>\nBartek Kaminski (36)<br \/>\nTerje Formoe (65)<\/p>\n<p>Her er lenke til artikkelen om dei nominerte: http:\/\/www.fvn.no\/kultur\/Na-kan-du-stemme-pa-Arets-sorlandskjendis-2725195.html<\/p>\n<p>Gratulerer s\u00e5 mykje, Tor Espen<\/p>\n","protected":false},"excerpt":{"rendered":"<p>\u00ab\u00c5 h\u00e5yyy adde samen. For en dage det hive vore i dag. I fyrmiddag fekk eg tlf at eg va \u00e5rets s\u00f8rlands kjendis \u00e5ss\u00e5 va eg ti flateland \u00e5 der fekk eg m\u00e5lprisen. Mange takk adde samen for flotte tilbakemeldingar\u00bb. Slik skreiv Tor Espen Helle p\u00e5 Facebook i dag. \u00c5 bli k\u00e5ra til \u00ab\u00c5rets s\u00f8rlandskjendis\u00bb &hellip; <a href=\"https:\/\/setesdalswiki.no\/blog\/malpris-og-arets-srlending-19903645\/\" class=\"more-link\">Les meir om <span class=\"screen-reader-text\">M\u00e5lpris og \u00c5rets S\u00f8rlending<\/span> <span class=\"meta-nav\">&rarr;<\/span><\/a><\/p>\n","protected":false},"author":2,"featured_media":0,"comment_status":"open","ping_status":"open","sticky":false,"template":"","format":"standard","meta":{"_s2mail":"","footnotes":""},"categories":[6],"tags":[],"class_list":["post-19903645","post","type-post","status-publish","format-standard","hentry","category-ymse"],"_links":{"self":[{"href":"https:\/\/setesdalswiki.no\/blog\/wp-json\/wp\/v2\/posts\/19903645"}],"collection":[{"href":"https:\/\/setesdalswiki.no\/blog\/wp-json\/wp\/v2\/posts"}],"about":[{"href":"https:\/\/setesdalswiki.no\/blog\/wp-json\/wp\/v2\/types\/post"}],"author":[{"embeddable":true,"href":"https:\/\/setesdalswiki.no\/blog\/wp-json\/wp\/v2\/users\/2"}],"replies":[{"embeddable":true,"href":"https:\/\/setesdalswiki.no\/blog\/wp-json\/wp\/v2\/comments?post=19903645"}],"version-history":[{"count":0,"href":"https:\/\/setesdalswiki.no\/blog\/wp-json\/wp\/v2\/posts\/19903645\/revisions"}],"wp:attachment":[{"href":"https:\/\/setesdalswiki.no\/blog\/wp-json\/wp\/v2\/media?parent=19903645"}],"wp:term":[{"taxonomy":"category","embeddable":true,"href":"https:\/\/setesdalswiki.no\/blog\/wp-json\/wp\/v2\/categories?post=19903645"},{"taxonomy":"post_tag","embeddable":true,"href":"https:\/\/setesdalswiki.no\/blog\/wp-json\/wp\/v2\/tags?post=19903645"}],"curies":[{"name":"wp","href":"https:\/\/api.w.org\/{rel}","templated":true}]}}