{"id":18570733,"date":"2014-06-01T22:00:58","date_gmt":"2014-06-01T22:00:58","guid":{"rendered":"http:\/\/blog.setesdalswiki.no\/2014\/06\/eidsvollsmennene-sine-etterkomarar-i-bygland-18570733\/"},"modified":"2014-06-01T22:00:58","modified_gmt":"2014-06-01T22:00:58","slug":"eidsvollsmennene-sine-etterkomarar-i-bygland-18570733","status":"publish","type":"post","link":"https:\/\/setesdalswiki.no\/blog\/eidsvollsmennene-sine-etterkomarar-i-bygland-18570733\/","title":{"rendered":"Eidsvollsmennene sine etterkomarar i Bygland"},"content":{"rendered":"<p>Siri Johannessen har i v\u00e5r arbeidd med \u00e5 legge inn etterkomarar etter eidsvollsmennene fr\u00e5 Setesdal p\u00e5 eidsvollsmenn.no,<br \/>\nnettstaden som er laga i samband med grunnlovsjubileet 2014.<br \/>\nTil no er det registrert over 2000 etterkomarar etter Eivind T. Lande og Olav Knutsson Tveiten. Ein finn dei over heile landet og nokre hundre skal og vere i USA og Canada.<\/p>\n<p>Mange av etterkomarane bur i Setesdal, og difor vil Siri gjerne ha kontakt med folk i Bygland som kan fortelje meir, spesielt om Lande\u00e6tta. Der er det til no berre registrert i underkant av 600 etterkomarar.<\/p>\n<p>Slektstreet til Eivind ligg her:<br \/>\nhttp:\/\/data.eidsvollsmenn.no\/tng\/descend.php?personID=I23371&#038;tree=Eidsvollsmenn&#038;display=compact&#038;generations=12<\/p>\n<p>Onsdag 4. juni kan du treffe henne p\u00e5 skulen i Grendi fr\u00e5 klokka 15 til 18.<\/p>\n<p>Torsdag 12. juni er ho p\u00e5 tenestetorget i Bygland fr\u00e5 12 til 15.<\/p>\n<p>Viss nokon sit med informasjon eller endringar, kan ho og kontaktast direkte via tenestetorget.<\/p>\n","protected":false},"excerpt":{"rendered":"<p>Siri Johannessen har i v\u00e5r arbeidd med \u00e5 legge inn etterkomarar etter eidsvollsmennene fr\u00e5 Setesdal p\u00e5 eidsvollsmenn.no, nettstaden som er laga i samband med grunnlovsjubileet 2014. Til no er det registrert over 2000 etterkomarar etter Eivind T. Lande og Olav Knutsson Tveiten. Ein finn dei over heile landet og nokre hundre skal og vere i &hellip; <a href=\"https:\/\/setesdalswiki.no\/blog\/eidsvollsmennene-sine-etterkomarar-i-bygland-18570733\/\" class=\"more-link\">Les meir om <span class=\"screen-reader-text\">Eidsvollsmennene sine etterkomarar i Bygland<\/span> <span class=\"meta-nav\">&rarr;<\/span><\/a><\/p>\n","protected":false},"author":2,"featured_media":0,"comment_status":"open","ping_status":"open","sticky":false,"template":"","format":"standard","meta":{"_s2mail":"","footnotes":""},"categories":[6],"tags":[],"class_list":["post-18570733","post","type-post","status-publish","format-standard","hentry","category-ymse"],"_links":{"self":[{"href":"https:\/\/setesdalswiki.no\/blog\/wp-json\/wp\/v2\/posts\/18570733"}],"collection":[{"href":"https:\/\/setesdalswiki.no\/blog\/wp-json\/wp\/v2\/posts"}],"about":[{"href":"https:\/\/setesdalswiki.no\/blog\/wp-json\/wp\/v2\/types\/post"}],"author":[{"embeddable":true,"href":"https:\/\/setesdalswiki.no\/blog\/wp-json\/wp\/v2\/users\/2"}],"replies":[{"embeddable":true,"href":"https:\/\/setesdalswiki.no\/blog\/wp-json\/wp\/v2\/comments?post=18570733"}],"version-history":[{"count":0,"href":"https:\/\/setesdalswiki.no\/blog\/wp-json\/wp\/v2\/posts\/18570733\/revisions"}],"wp:attachment":[{"href":"https:\/\/setesdalswiki.no\/blog\/wp-json\/wp\/v2\/media?parent=18570733"}],"wp:term":[{"taxonomy":"category","embeddable":true,"href":"https:\/\/setesdalswiki.no\/blog\/wp-json\/wp\/v2\/categories?post=18570733"},{"taxonomy":"post_tag","embeddable":true,"href":"https:\/\/setesdalswiki.no\/blog\/wp-json\/wp\/v2\/tags?post=18570733"}],"curies":[{"name":"wp","href":"https:\/\/api.w.org\/{rel}","templated":true}]}}