{"id":18338604,"date":"2014-04-29T22:37:45","date_gmt":"2014-04-29T22:37:45","guid":{"rendered":"http:\/\/blog.setesdalswiki.no\/2014\/04\/jeg-lfter-mine-yne-opp-til-fjellene-18338604\/"},"modified":"2014-04-29T22:37:45","modified_gmt":"2014-04-29T22:37:45","slug":"jeg-lfter-mine-yne-opp-til-fjellene-18338604","status":"publish","type":"post","link":"https:\/\/setesdalswiki.no\/blog\/jeg-lfter-mine-yne-opp-til-fjellene-18338604\/","title":{"rendered":"Jeg l\u00f8fter mine \u00f8yne opp til fjellene"},"content":{"rendered":"<p>I g\u00e5r skreiv eg om den fine dalen eg k\u00f8yrer gjennom n\u00e5r eg reiser fr\u00e5 Mandal til Valle. Eg stoppa vel helst med fjorden og elva og landskapet nede i dalen, men vart i dag minna om salme 121 fr\u00e5 Bibelen: Jeg l\u00f8fter mine \u00f8yne opp til fjellene, som eg her siterer p\u00e5 bokm\u00e5l:<\/p>\n<p>Jeg l\u00f8fter mine \u00f8yne opp tilfjellene,<br \/>\nHvor skal min hjelp komme fra?<br \/>\nMin hjelp kommer ifra Herren,<br \/>\nhimmelens og jordens skaper.<br \/>\nHan skal ingenlunde la din fot vakle,<br \/>\ndin vokter skal ingenlunde slumre,<br \/>\nse, han slumrer ikke og sover ikke,<br \/>\nIsraels vokter.<br \/>\nHerren er din vokter,<br \/>\nHerren er din skygge<br \/>\nved din h\u00f8yre h\u00e5nd.<br \/>\nSolen skal ikke stikke deg om dagen,<br \/>\nei heller ikke om natten.<br \/>\nHerren skal bevare deg fra alt ondt,<br \/>\nhan skal bevare din sjel.<br \/>\nHerren skal bevare din utgang og din inngang<br \/>\nfra n\u00e5 av og til evig tid. Amen!<br \/>\nFra n\u00e5 av og til evig tid.<\/p>\n<p>Med ein fengande melodi fr\u00e5 Israel har salma blitt kj\u00e6r for mange ikkje bare som lesetekst, men og som sang. Her er lenke til sangen p\u00e5 YouTube med Tore og koret. https:\/\/www.youtube.com\/watch?v=PWLDblSkX28 John Hardang i P7 Kristen riksradio har skrive nokre linjer der denne strofa er utgangspunktet: http:\/\/www.p7.no\/andakter\/93-jeg-lofter-mine-oyne-opp-til-fjellene Her seier han: Ogs\u00e5 over de h\u00f8yeste fjell hviler det en himmel. Herren er st\u00f8rre enn dine og mine vanskeligheter.<\/p>\n<p>S\u00e5 kan vi l\u00f8fte augo mot fjella og sj\u00e5 at det kvelver seg ein himmel over dei. Det gir von og tru ogs\u00e5 i vonde dagar.<\/p>\n","protected":false},"excerpt":{"rendered":"<p>I g\u00e5r skreiv eg om den fine dalen eg k\u00f8yrer gjennom n\u00e5r eg reiser fr\u00e5 Mandal til Valle. Eg stoppa vel helst med fjorden og elva og landskapet nede i dalen, men vart i dag minna om salme 121 fr\u00e5 Bibelen: Jeg l\u00f8fter mine \u00f8yne opp til fjellene, som eg her siterer p\u00e5 bokm\u00e5l: Jeg &hellip; <a href=\"https:\/\/setesdalswiki.no\/blog\/jeg-lfter-mine-yne-opp-til-fjellene-18338604\/\" class=\"more-link\">Les meir om <span class=\"screen-reader-text\">Jeg l\u00f8fter mine \u00f8yne opp til fjellene<\/span> <span class=\"meta-nav\">&rarr;<\/span><\/a><\/p>\n","protected":false},"author":2,"featured_media":0,"comment_status":"open","ping_status":"open","sticky":false,"template":"","format":"standard","meta":{"_s2mail":"","footnotes":""},"categories":[6],"tags":[],"class_list":["post-18338604","post","type-post","status-publish","format-standard","hentry","category-ymse"],"_links":{"self":[{"href":"https:\/\/setesdalswiki.no\/blog\/wp-json\/wp\/v2\/posts\/18338604"}],"collection":[{"href":"https:\/\/setesdalswiki.no\/blog\/wp-json\/wp\/v2\/posts"}],"about":[{"href":"https:\/\/setesdalswiki.no\/blog\/wp-json\/wp\/v2\/types\/post"}],"author":[{"embeddable":true,"href":"https:\/\/setesdalswiki.no\/blog\/wp-json\/wp\/v2\/users\/2"}],"replies":[{"embeddable":true,"href":"https:\/\/setesdalswiki.no\/blog\/wp-json\/wp\/v2\/comments?post=18338604"}],"version-history":[{"count":0,"href":"https:\/\/setesdalswiki.no\/blog\/wp-json\/wp\/v2\/posts\/18338604\/revisions"}],"wp:attachment":[{"href":"https:\/\/setesdalswiki.no\/blog\/wp-json\/wp\/v2\/media?parent=18338604"}],"wp:term":[{"taxonomy":"category","embeddable":true,"href":"https:\/\/setesdalswiki.no\/blog\/wp-json\/wp\/v2\/categories?post=18338604"},{"taxonomy":"post_tag","embeddable":true,"href":"https:\/\/setesdalswiki.no\/blog\/wp-json\/wp\/v2\/tags?post=18338604"}],"curies":[{"name":"wp","href":"https:\/\/api.w.org\/{rel}","templated":true}]}}