{"id":17667957,"date":"2014-01-30T23:53:26","date_gmt":"2014-01-30T23:53:26","guid":{"rendered":"http:\/\/blog.setesdalswiki.no\/2014\/01\/blir-det-full-kyrkje-17667957\/"},"modified":"2014-01-30T23:53:26","modified_gmt":"2014-01-30T23:53:26","slug":"blir-det-full-kyrkje-17667957","status":"publish","type":"post","link":"https:\/\/setesdalswiki.no\/blog\/blir-det-full-kyrkje-17667957\/","title":{"rendered":"Blir det full kyrkje?"},"content":{"rendered":"<p>I morgon fredag 31. januar klokka 19 kjem Evie til Bygland kyrkje. Eg hadde ein prat i Valle Radio tysdagskvelden med Harry Andersen, eldsjela som har f\u00f8rt til at Evie legg turen innom Bygland i morgon. Han var naturleg nok sv\u00e6rt oppgl\u00f8dd over \u00e5 f\u00e5 denne eminente songaren til Setesdal, ho har bare med seg sonen Kris Karlsson p\u00e5 gitar. Sj\u00f8lv spelar ho piano, og det er nok, ikkje noko band denne gongen.<\/p>\n<p>Det er ledd i ein liten vinterturne som Skj\u00e6rg\u00e5rdssang i Langesund arrangerer, og Harry Andersen har vore p\u00e5 arrangementa i Langesund i fleire \u00e5r og fortalde levande om korleis responsen p\u00e5 songen hennar har vore der. Difor sette han seg opp p\u00e5 ei liste for om mogleg \u00e5 f\u00e5 henne til Bygland, og det lukkast han med. Ho bes\u00f8ker Kristiansand, Hauge i Dalane, Klepp, Sotra, Bergen og s\u00e5 tilbake til Bygland p\u00e5 denne turen. Om veret er lagleg, kjem ho over fjellet, elles m\u00e5 ho dra om Stavanger, men Harry Andersen lova at ho skulle vere p\u00e5 plass fredagskvelden.<\/p>\n<p>I samtalen kom vi og innom det han tok opp i Setesd\u00f8len tysdag, om \u00e5 ha ein buffer for \u00e5 kunne f\u00e5 artistar som er litt st\u00f8rre, til \u00e5 kome til Bygland. 200 kroner er billettprisen denne gongen. For dette f\u00e5r ein konsert med Evie, og Vonheimkoret har og \u00f8vd inn nokre songar som dei skal vere med p\u00e5 saman med henne. -Det blir nok i overkant for det vi klarar, meinte Harry Andersen, men dei ville no pr\u00f8ve p\u00e5 stoffet dei har f\u00e5tt tilsendt i f\u00f8revegen.<\/p>\n<p>All honn\u00f8r til Harry Andersen for det initiativet han har gjort, som alts\u00e5 f\u00f8rer til at vi f\u00e5r h\u00f8yre Evie i Bygland kyrkje i morgon klokka 19. Og etter det eg har grunn til \u00e5 tru, stoppar bommen ved Hekni klokka 12, s\u00e5 det betyr at ein tur til Bygland kyrkje blir 72 kroner billigare i morgon kveld enn i kveld. <\/p>\n","protected":false},"excerpt":{"rendered":"<p>I morgon fredag 31. januar klokka 19 kjem Evie til Bygland kyrkje. Eg hadde ein prat i Valle Radio tysdagskvelden med Harry Andersen, eldsjela som har f\u00f8rt til at Evie legg turen innom Bygland i morgon. Han var naturleg nok sv\u00e6rt oppgl\u00f8dd over \u00e5 f\u00e5 denne eminente songaren til Setesdal, ho har bare med seg &hellip; <a href=\"https:\/\/setesdalswiki.no\/blog\/blir-det-full-kyrkje-17667957\/\" class=\"more-link\">Les meir om <span class=\"screen-reader-text\">Blir det full kyrkje?<\/span> <span class=\"meta-nav\">&rarr;<\/span><\/a><\/p>\n","protected":false},"author":2,"featured_media":0,"comment_status":"open","ping_status":"open","sticky":false,"template":"","format":"standard","meta":{"_s2mail":"","footnotes":""},"categories":[6],"tags":[],"class_list":["post-17667957","post","type-post","status-publish","format-standard","hentry","category-ymse"],"_links":{"self":[{"href":"https:\/\/setesdalswiki.no\/blog\/wp-json\/wp\/v2\/posts\/17667957"}],"collection":[{"href":"https:\/\/setesdalswiki.no\/blog\/wp-json\/wp\/v2\/posts"}],"about":[{"href":"https:\/\/setesdalswiki.no\/blog\/wp-json\/wp\/v2\/types\/post"}],"author":[{"embeddable":true,"href":"https:\/\/setesdalswiki.no\/blog\/wp-json\/wp\/v2\/users\/2"}],"replies":[{"embeddable":true,"href":"https:\/\/setesdalswiki.no\/blog\/wp-json\/wp\/v2\/comments?post=17667957"}],"version-history":[{"count":0,"href":"https:\/\/setesdalswiki.no\/blog\/wp-json\/wp\/v2\/posts\/17667957\/revisions"}],"wp:attachment":[{"href":"https:\/\/setesdalswiki.no\/blog\/wp-json\/wp\/v2\/media?parent=17667957"}],"wp:term":[{"taxonomy":"category","embeddable":true,"href":"https:\/\/setesdalswiki.no\/blog\/wp-json\/wp\/v2\/categories?post=17667957"},{"taxonomy":"post_tag","embeddable":true,"href":"https:\/\/setesdalswiki.no\/blog\/wp-json\/wp\/v2\/tags?post=17667957"}],"curies":[{"name":"wp","href":"https:\/\/api.w.org\/{rel}","templated":true}]}}