{"id":17113775,"date":"2013-11-28T22:47:17","date_gmt":"2013-11-28T22:47:17","guid":{"rendered":"http:\/\/blog.setesdalswiki.no\/2013\/11\/hauststorm-17113775\/"},"modified":"2013-11-28T22:47:17","modified_gmt":"2013-11-28T22:47:17","slug":"hauststorm-17113775","status":"publish","type":"post","link":"https:\/\/setesdalswiki.no\/blog\/hauststorm-17113775\/","title":{"rendered":"Hauststorm"},"content":{"rendered":"<p>I g\u00e5r kveld sat eg i telefonen d\u00e5 lyset gjekk i Valle. Det tok jo si tid f\u00f8r straumen kom att. Heldigvis er det lenge mellom kvar gong slikt skjer, og denne gongen var det mildt ute. For meg som baserer meg p\u00e5 elektrisk fyring, ville det nok blitt kaldt inne om det hadde vore mange minusgrader ute.<\/p>\n<p>Eg trur eg kom fr\u00e5 denne hauststormen utan s\u00e6rlege skader, det var verre for Noe Bow som var p\u00e5 kor\u00f8ving i Familiekoret, dei skal syngje p\u00e5 jolemessa i Valle laurdag og hadde \u00f8ving p\u00e5 Menighetshuset onsdagskvelden. D\u00e5 han kom ut etter \u00f8vinga, hadde bakruta bilen hans blitt knust i stormen.<\/p>\n<p>N\u00e5r lyset g\u00e5r er det gjerne problem med dataserveren til kommunen, og i dag var det vanskeleg \u00e5 nytte data p\u00e5 skulen. Etter det eg skj\u00f8nar, fekk ogs\u00e5 telefonsystemet deira problem og m\u00e5tte f\u00e5 nye deler fr\u00e5 byen, s\u00e5 det var visst ikkje s\u00e5 lett \u00e5 kome i kontakt med kommunehuset i dag. Men det ordnar seg etter kvart, sj\u00f8lv om ein hauststorm syner at vi er sv\u00e6rt avhengige av elektrisk straum i dagens samfunn.<\/p>\n<p>N\u00e5r vinden uler rundt husa er det godt \u00e5 vere innand\u00f8rs, end\u00e5til utan straum. Eg hadde ikkje sytt for \u00e5 ha stearinlys i leiligheten eg bur i, eg er i grunnen ikkje s\u00e6rleg for det. Men heldigvis var den b\u00e6rbare datamaskinen full av straum, s\u00e5 eg hadde litt lys fr\u00e5 skjermen der i romet, og det var i grunnen nok til lyset kom tilbake.<\/p>\n<p>S\u00e5 langt eg kan skj\u00f8ne det var hauststormen i Valle ikkje mykje samanlikna med korleis vinden valda skade andre stader i landet, s\u00e6rleg p\u00e5 kysten nordover har det visst vore kraftig uver. Men NRK var mest oppteken av tre som velta i n\u00e6rleiken av Oslo, det er i grunnen litt rart at vindkasta i det sentrale austlandsomr\u00e5det skal vere viktigare \u00e5 ha bilete av p\u00e5 TV enn skadeverk p\u00e5 kysten og nordover. Media er etter mi meining alt for sentrert rundt hovudstaden.<\/p>\n","protected":false},"excerpt":{"rendered":"<p>I g\u00e5r kveld sat eg i telefonen d\u00e5 lyset gjekk i Valle. Det tok jo si tid f\u00f8r straumen kom att. Heldigvis er det lenge mellom kvar gong slikt skjer, og denne gongen var det mildt ute. For meg som baserer meg p\u00e5 elektrisk fyring, ville det nok blitt kaldt inne om det hadde vore &hellip; <a href=\"https:\/\/setesdalswiki.no\/blog\/hauststorm-17113775\/\" class=\"more-link\">Les meir om <span class=\"screen-reader-text\">Hauststorm<\/span> <span class=\"meta-nav\">&rarr;<\/span><\/a><\/p>\n","protected":false},"author":2,"featured_media":0,"comment_status":"open","ping_status":"open","sticky":false,"template":"","format":"standard","meta":{"_s2mail":"","footnotes":""},"categories":[6],"tags":[],"class_list":["post-17113775","post","type-post","status-publish","format-standard","hentry","category-ymse"],"_links":{"self":[{"href":"https:\/\/setesdalswiki.no\/blog\/wp-json\/wp\/v2\/posts\/17113775"}],"collection":[{"href":"https:\/\/setesdalswiki.no\/blog\/wp-json\/wp\/v2\/posts"}],"about":[{"href":"https:\/\/setesdalswiki.no\/blog\/wp-json\/wp\/v2\/types\/post"}],"author":[{"embeddable":true,"href":"https:\/\/setesdalswiki.no\/blog\/wp-json\/wp\/v2\/users\/2"}],"replies":[{"embeddable":true,"href":"https:\/\/setesdalswiki.no\/blog\/wp-json\/wp\/v2\/comments?post=17113775"}],"version-history":[{"count":0,"href":"https:\/\/setesdalswiki.no\/blog\/wp-json\/wp\/v2\/posts\/17113775\/revisions"}],"wp:attachment":[{"href":"https:\/\/setesdalswiki.no\/blog\/wp-json\/wp\/v2\/media?parent=17113775"}],"wp:term":[{"taxonomy":"category","embeddable":true,"href":"https:\/\/setesdalswiki.no\/blog\/wp-json\/wp\/v2\/categories?post=17113775"},{"taxonomy":"post_tag","embeddable":true,"href":"https:\/\/setesdalswiki.no\/blog\/wp-json\/wp\/v2\/tags?post=17113775"}],"curies":[{"name":"wp","href":"https:\/\/api.w.org\/{rel}","templated":true}]}}