{"id":17087222,"date":"2013-11-26T19:03:33","date_gmt":"2013-11-26T19:03:33","guid":{"rendered":"http:\/\/blog.setesdalswiki.no\/2013\/11\/mteopptak-17087222\/"},"modified":"2013-11-26T19:03:33","modified_gmt":"2013-11-26T19:03:33","slug":"mteopptak-17087222","status":"publish","type":"post","link":"https:\/\/setesdalswiki.no\/blog\/mteopptak-17087222\/","title":{"rendered":"M\u00f8teopptak"},"content":{"rendered":"<p>I helga var Viggo Wilhelmsen p\u00e5 Nomeland bedehus. Han kjem dit nokre gonger i \u00e5ret, og Bj\u00f8rgulv, som gjorde opptaket av m\u00f8tet vi sende i Valle Radio i kveld, fortalde at det var godt oppm\u00f8te desse kveldane s\u00e5 vel som sundag f\u00f8remiddag i Hylestad kyrkje.<\/p>\n<p>Eg tenkjer at det er viktig \u00e5 sende nokre slike opptak i Valle Radio og slik syne den delen av kulturen vi har i bygda. Difor er eg glad for at Bj\u00f8rgulv tok opp dei to m\u00f8ta.<\/p>\n<p>Viggo er ein predikant som talar levande og engasjerande. Han er flink til \u00e5 illustrere det han har p\u00e5 hjarta med forteljingar som fengar og som er henta fr\u00e5 opplevingar han sj\u00f8lv har hatt. Dermed vert det interessant \u00e5 h\u00f8yre p\u00e5 han.<\/p>\n<p>Gjennom \u00e5ra har det blitt sendt ein del gudstenesteopptak i Valle Radio. Dei har ein fast liturgi og er lette \u00e5 kjenne seg att i. M\u00f8teopptak er noko friare, og i kveld var Viggo sin tale timelang. Akkurat det er heilt greitt for meg, er likar n\u00e5r folk har noko p\u00e5 hjarta og likar ikkje n\u00e5r dei vert avbrote av musikk.<\/p>\n<p>Tysdagskveldane er ikkje for nyheter i s\u00e6rleg grad. Men \u00e5 f\u00e5 sende eit m\u00f8teopptak ser eg p\u00e5 som eit godt tilskot til variasjonen i Valle Radio.<\/p>\n","protected":false},"excerpt":{"rendered":"<p>I helga var Viggo Wilhelmsen p\u00e5 Nomeland bedehus. Han kjem dit nokre gonger i \u00e5ret, og Bj\u00f8rgulv, som gjorde opptaket av m\u00f8tet vi sende i Valle Radio i kveld, fortalde at det var godt oppm\u00f8te desse kveldane s\u00e5 vel som sundag f\u00f8remiddag i Hylestad kyrkje. Eg tenkjer at det er viktig \u00e5 sende nokre slike &hellip; <a href=\"https:\/\/setesdalswiki.no\/blog\/mteopptak-17087222\/\" class=\"more-link\">Les meir om <span class=\"screen-reader-text\">M\u00f8teopptak<\/span> <span class=\"meta-nav\">&rarr;<\/span><\/a><\/p>\n","protected":false},"author":2,"featured_media":0,"comment_status":"open","ping_status":"open","sticky":false,"template":"","format":"standard","meta":{"_s2mail":"","footnotes":""},"categories":[6],"tags":[],"class_list":["post-17087222","post","type-post","status-publish","format-standard","hentry","category-ymse"],"_links":{"self":[{"href":"https:\/\/setesdalswiki.no\/blog\/wp-json\/wp\/v2\/posts\/17087222"}],"collection":[{"href":"https:\/\/setesdalswiki.no\/blog\/wp-json\/wp\/v2\/posts"}],"about":[{"href":"https:\/\/setesdalswiki.no\/blog\/wp-json\/wp\/v2\/types\/post"}],"author":[{"embeddable":true,"href":"https:\/\/setesdalswiki.no\/blog\/wp-json\/wp\/v2\/users\/2"}],"replies":[{"embeddable":true,"href":"https:\/\/setesdalswiki.no\/blog\/wp-json\/wp\/v2\/comments?post=17087222"}],"version-history":[{"count":0,"href":"https:\/\/setesdalswiki.no\/blog\/wp-json\/wp\/v2\/posts\/17087222\/revisions"}],"wp:attachment":[{"href":"https:\/\/setesdalswiki.no\/blog\/wp-json\/wp\/v2\/media?parent=17087222"}],"wp:term":[{"taxonomy":"category","embeddable":true,"href":"https:\/\/setesdalswiki.no\/blog\/wp-json\/wp\/v2\/categories?post=17087222"},{"taxonomy":"post_tag","embeddable":true,"href":"https:\/\/setesdalswiki.no\/blog\/wp-json\/wp\/v2\/tags?post=17087222"}],"curies":[{"name":"wp","href":"https:\/\/api.w.org\/{rel}","templated":true}]}}