{"id":15504586,"date":"2013-02-05T20:38:43","date_gmt":"2013-02-05T20:38:43","guid":{"rendered":"http:\/\/blog.setesdalswiki.no\/2013\/02\/sanggudsteneste-i-valle-kyrkje-15504586\/"},"modified":"2013-02-05T20:38:43","modified_gmt":"2013-02-05T20:38:43","slug":"sanggudsteneste-i-valle-kyrkje-15504586","status":"publish","type":"post","link":"https:\/\/setesdalswiki.no\/blog\/sanggudsteneste-i-valle-kyrkje-15504586\/","title":{"rendered":"Sanggudsteneste i Valle kyrkje"},"content":{"rendered":"<p>I kveld sende eg Bj\u00f8rgulv T. Berg sitt opptak fr\u00e5 sundagens songgudsteneste i Valle kyrkje. Sokneprest Terje Seilskj\u00e6r og Valle familiekor var sentrale i gudstenesta, og det var ei oppleving \u00e5 h\u00f8yre dei.<\/p>\n<p>Familiekoret song mest mot slutten av gudstenesta, og d\u00e5 var det ei spesiell oppleving \u00e5 h\u00f8yre \u00c5 store Gud p\u00e5 karensk spr\u00e5k, der koret og kyrkjelyden song omkvedet. Ettersom ein kjenner melodien og den norske teksten, var det ei spesiell oppleving \u00e5 h\u00f8yre sangen p\u00e5 deira spr\u00e5k.<\/p>\n<p>Vi syng ein del i klassen. D\u00e5 syng vi norske sangar, det er god trening i \u00e5 lese norsk, akkurat som det var for oss d\u00e5 vi l\u00e6rte engelsk, tysk og fransk og song My bonnie, Lorelei og Chevalier de la table ronde og m\u00e5tte la tunga kr\u00f8lle seg p\u00e5 uvande m\u00e5tar.<\/p>\n<p>Elevane p\u00e5 vaksenoppl\u00e6ringa kan veldig mange av dei melodiane som vert brukte i kyrkja verda over, s\u00e5 vi syng av dei felleskristelege sangane, det er god trening i munnleg norsk. Men \u00e5 h\u00f8yre dei i familiekoret var ei ekstra oppleving. Eg tenkjer og at det er god integrering for dei \u00e5 vere med n\u00e5r ein norsk kyrkjelyd samlar seg til b\u00f8nn og lovsang.<\/p>\n<p>Denne kvelden var jo litt spesiell, ettersom ein og tenkte p\u00e5 prost Bernt Olav Jensen som d\u00f8ydde onsdag. No tek sokneprest Terje Seilskj\u00e6r over som vikar for prosten til ny prost er tilsett. Dermed vil ein nok f\u00e5 ein ny periode med vikarprestar i \u00d8vre Setesdal. Men Familiekoret, det er ein rikdom for kyrkjelydane.<\/p>\n","protected":false},"excerpt":{"rendered":"<p>I kveld sende eg Bj\u00f8rgulv T. Berg sitt opptak fr\u00e5 sundagens songgudsteneste i Valle kyrkje. Sokneprest Terje Seilskj\u00e6r og Valle familiekor var sentrale i gudstenesta, og det var ei oppleving \u00e5 h\u00f8yre dei. Familiekoret song mest mot slutten av gudstenesta, og d\u00e5 var det ei spesiell oppleving \u00e5 h\u00f8yre \u00c5 store Gud p\u00e5 karensk spr\u00e5k, &hellip; <a href=\"https:\/\/setesdalswiki.no\/blog\/sanggudsteneste-i-valle-kyrkje-15504586\/\" class=\"more-link\">Les meir om <span class=\"screen-reader-text\">Sanggudsteneste i Valle kyrkje<\/span> <span class=\"meta-nav\">&rarr;<\/span><\/a><\/p>\n","protected":false},"author":2,"featured_media":0,"comment_status":"open","ping_status":"open","sticky":false,"template":"","format":"standard","meta":{"_s2mail":"","footnotes":""},"categories":[6],"tags":[],"class_list":["post-15504586","post","type-post","status-publish","format-standard","hentry","category-ymse"],"_links":{"self":[{"href":"https:\/\/setesdalswiki.no\/blog\/wp-json\/wp\/v2\/posts\/15504586"}],"collection":[{"href":"https:\/\/setesdalswiki.no\/blog\/wp-json\/wp\/v2\/posts"}],"about":[{"href":"https:\/\/setesdalswiki.no\/blog\/wp-json\/wp\/v2\/types\/post"}],"author":[{"embeddable":true,"href":"https:\/\/setesdalswiki.no\/blog\/wp-json\/wp\/v2\/users\/2"}],"replies":[{"embeddable":true,"href":"https:\/\/setesdalswiki.no\/blog\/wp-json\/wp\/v2\/comments?post=15504586"}],"version-history":[{"count":0,"href":"https:\/\/setesdalswiki.no\/blog\/wp-json\/wp\/v2\/posts\/15504586\/revisions"}],"wp:attachment":[{"href":"https:\/\/setesdalswiki.no\/blog\/wp-json\/wp\/v2\/media?parent=15504586"}],"wp:term":[{"taxonomy":"category","embeddable":true,"href":"https:\/\/setesdalswiki.no\/blog\/wp-json\/wp\/v2\/categories?post=15504586"},{"taxonomy":"post_tag","embeddable":true,"href":"https:\/\/setesdalswiki.no\/blog\/wp-json\/wp\/v2\/tags?post=15504586"}],"curies":[{"name":"wp","href":"https:\/\/api.w.org\/{rel}","templated":true}]}}