{"id":15039307,"date":"2012-10-13T22:23:36","date_gmt":"2012-10-13T22:23:36","guid":{"rendered":"http:\/\/blog.setesdalswiki.no\/2012\/10\/kommunepsykolog-15039307\/"},"modified":"2012-10-13T22:23:36","modified_gmt":"2012-10-13T22:23:36","slug":"kommunepsykolog-15039307","status":"publish","type":"post","link":"https:\/\/setesdalswiki.no\/blog\/kommunepsykolog-15039307\/","title":{"rendered":"Kommunepsykolog"},"content":{"rendered":"<p>Onsdag fekk eg vite at vi hadde kommunepsykolog i Valle kommune. To dagar i veka, torsdag og fredag, er ho p\u00e5 helsehuset. Dei andre dagane held ho til p\u00e5 Evje. Jessica \u00d6ng\u00f6rur er fr\u00e5 Uppsala og studerte psykologi der og p\u00e5 Universitetet i Oslo. I studietida arbeidde ho p\u00e5 Bykle sjukeheim, og der likte ho seg s\u00e5 godt at d\u00e5 det vart ledig psykologstilling i Setesdal, s\u00f8kte ho p\u00e5 den. Her kan du lese om henne: http:\/\/www.setesdalswiki.no\/wiki\/Jessica_%C3%96ng%C3%B6rur<\/p>\n<p>Eg visste ikkje noko om dette f\u00f8r onsdagskvelden, og eg trur det var fleire enn meg som ikkje hadde f\u00e5tt med seg den sida av samhandlingsreformen, at ein skal ha eit tilbod om psykologteneste i kommunane. Med s\u00e5 f\u00e5 folk som det er i dei fire setesdalskommunane, er det naturleg \u00e5 samarbeide om tilbodet.<\/p>\n<p>Den kommunale psykologtenesta skal vere i f\u00f8rstelinje, s\u00e5 ein kan ta kontakt med Jessica p\u00e5 telefon eller epost direkte og avtale time for ein samtale. Elles m\u00e5 ein som regel f\u00e5 time via lege for slike tenester, og det kan ein f\u00e5 her og, men det er alts\u00e5 r\u00e5d \u00e5 ta kontakt direkte.<\/p>\n<p>Her er meir informasjon om tilbodet:<br \/>\nhttp:\/\/www.e-h.kommune.no\/nytilsett-kommunepsykolog.5012628-149059.html<\/p>\n<p>Det vart ein hyggeleg prat med Jessica. Mot slutten kom vi inn p\u00e5 sp\u00f8rsm\u00e5let om musikk som st\u00f8tte for terapi, og d\u00e5 nemnde eg Mozart og ho Vivaldi, vi var samde om at klassisk musikk kan ha roande effekt, s\u00e5 d\u00e5 avslutta eg praten med henne med \u00e5 spele fr\u00e5 Eine kleine Nachtmusik av Mozart f\u00f8r den aktuelle timen gjekk vidare.<\/p>\n","protected":false},"excerpt":{"rendered":"<p>Onsdag fekk eg vite at vi hadde kommunepsykolog i Valle kommune. To dagar i veka, torsdag og fredag, er ho p\u00e5 helsehuset. Dei andre dagane held ho til p\u00e5 Evje. Jessica \u00d6ng\u00f6rur er fr\u00e5 Uppsala og studerte psykologi der og p\u00e5 Universitetet i Oslo. I studietida arbeidde ho p\u00e5 Bykle sjukeheim, og der likte ho &hellip; <a href=\"https:\/\/setesdalswiki.no\/blog\/kommunepsykolog-15039307\/\" class=\"more-link\">Les meir om <span class=\"screen-reader-text\">Kommunepsykolog<\/span> <span class=\"meta-nav\">&rarr;<\/span><\/a><\/p>\n","protected":false},"author":2,"featured_media":0,"comment_status":"open","ping_status":"open","sticky":false,"template":"","format":"standard","meta":{"_s2mail":"","footnotes":""},"categories":[6],"tags":[],"class_list":["post-15039307","post","type-post","status-publish","format-standard","hentry","category-ymse"],"_links":{"self":[{"href":"https:\/\/setesdalswiki.no\/blog\/wp-json\/wp\/v2\/posts\/15039307"}],"collection":[{"href":"https:\/\/setesdalswiki.no\/blog\/wp-json\/wp\/v2\/posts"}],"about":[{"href":"https:\/\/setesdalswiki.no\/blog\/wp-json\/wp\/v2\/types\/post"}],"author":[{"embeddable":true,"href":"https:\/\/setesdalswiki.no\/blog\/wp-json\/wp\/v2\/users\/2"}],"replies":[{"embeddable":true,"href":"https:\/\/setesdalswiki.no\/blog\/wp-json\/wp\/v2\/comments?post=15039307"}],"version-history":[{"count":0,"href":"https:\/\/setesdalswiki.no\/blog\/wp-json\/wp\/v2\/posts\/15039307\/revisions"}],"wp:attachment":[{"href":"https:\/\/setesdalswiki.no\/blog\/wp-json\/wp\/v2\/media?parent=15039307"}],"wp:term":[{"taxonomy":"category","embeddable":true,"href":"https:\/\/setesdalswiki.no\/blog\/wp-json\/wp\/v2\/categories?post=15039307"},{"taxonomy":"post_tag","embeddable":true,"href":"https:\/\/setesdalswiki.no\/blog\/wp-json\/wp\/v2\/tags?post=15039307"}],"curies":[{"name":"wp","href":"https:\/\/api.w.org\/{rel}","templated":true}]}}