{"id":1476381,"date":"2006-12-24T21:48:10","date_gmt":"2006-12-24T21:48:10","guid":{"rendered":"http:\/\/blog.setesdalswiki.no\/2006\/12\/for_50_ar_sidan_og_i_dag1476381\/"},"modified":"2006-12-24T21:48:10","modified_gmt":"2006-12-24T21:48:10","slug":"for_50_ar_sidan_og_i_dag1476381","status":"publish","type":"post","link":"https:\/\/setesdalswiki.no\/blog\/for_50_ar_sidan_og_i_dag1476381\/","title":{"rendered":"For 50 \u00e5r sidan og i dag"},"content":{"rendered":"<p>Sendinga i Valle radio i g\u00e5r kveld var hyggeleg \u00e5 sitje \u00e5 lytte til. Eg fekk ikkje med meg den fyrste delen, s\u00e5 \u00e5 kommentere timen fr\u00e5 sentrum og samtalen Theis hadde med Gro, Brita og Helene, det kan eg ikkje. Men fr\u00e5 klokka 1915 var det Bj\u00f8rgulv og \u00d8rnulf som var i studio, og dei hadde Helge Dahle med seg som utereporter p\u00e5 Valle Alders- og Sjukeheim. Han m\u00f8tte ei rekke av dei som bur der og dei som arbeider der og prata med dei om det \u00e5 bu p\u00e5 heimen i jola og det \u00e5 arbeide der i h\u00f8gtida. Trivelege innslag.<\/p>\n<p>Men for meg var nok h\u00f8gdepunktet d\u00e5 Leonhard Jansen fortalde om hendinga for 50 \u00e5r sidan som eg skreiv om p\u00e5 bloggen i g\u00e5r. D\u00e5 fekk eg oppklart at b\u00e5ten Lester og Signe var p\u00e5, var p\u00e5 veg fr\u00e5 Narvik til Rotterdam med jern d\u00e5 dei forliste i Nordsj\u00f8en. Leonhard fortalde og at dei gav seg med sj\u00f8livet etter den turen. Sj\u00f8lv om far hans nok kunne tenkt seg ein ny tur, vart det nok med tanken. Mange hadde meint at det var alt for farleg alt f\u00f8r Signe fekk seg hyre, og no meinte dei at dei hadde f\u00e5tt rett. Han fortalde og at Signe seinare ikkje ein gong hadde reist med Danskeb\u00e5ten, men at forteljinga fr\u00e5 tida p\u00e5 sj\u00f8en hadde vore ein del av historia i familien alt fr\u00e5 han var liten. Eit sv\u00e6rt triveleg innslag i programmet denne kvelden.<\/p>\n<p>Elles prata \u00d8rnulf og Bj\u00f8rgulv med Anne Hasla og Knut Inge Hovet om det \u00e5 dra ut og skaffe seg utdanning og tankar om \u00e5 kome attende til Valle. Tankevekkjande og interessant var det \u00e5 h\u00f8yre p\u00e5 dei.<\/p>\n<p>Ikkje mindre tankevekkjande var det \u00e5 h\u00f8yre d\u00e5 dei fekk Andreas Skj\u00e6rli p\u00e5 tr\u00e5den. Den nye eigaren av Refsnes Hotell inviterer til ope hus p\u00e5 jolekvelden, ein tradisjon han har hatt i 16 \u00e5r fr\u00e5 han starta p\u00e5 L\u00f8a i Vennesla via Obersten p\u00e5 Evje til han no dekkar bordet p\u00e5 Refsnes. Motivasjonen og engasjementet var sterkt, og det var interesant \u00e5 h\u00f8yre han fortelje.<\/p>\n<p>\u00d8rnulf og Bj\u00f8rgulv fullf\u00f8rte sendinga lisle joleptkvelden p\u00e5 ein fin m\u00e5te. Ved 21-tida slutta dei av denne siste sendinga i Valle radio i 2006. <\/p>\n","protected":false},"excerpt":{"rendered":"<p>Sendinga i Valle radio i g\u00e5r kveld var hyggeleg \u00e5 sitje \u00e5 lytte til. Eg fekk ikkje med meg den fyrste delen, s\u00e5 \u00e5 kommentere timen fr\u00e5 sentrum og samtalen Theis hadde med Gro, Brita og Helene, det kan eg ikkje. Men fr\u00e5 klokka 1915 var det Bj\u00f8rgulv og \u00d8rnulf som var i studio, og &hellip; <a href=\"https:\/\/setesdalswiki.no\/blog\/for_50_ar_sidan_og_i_dag1476381\/\" class=\"more-link\">Les meir om <span class=\"screen-reader-text\">For 50 \u00e5r sidan og i dag<\/span> <span class=\"meta-nav\">&rarr;<\/span><\/a><\/p>\n","protected":false},"author":2,"featured_media":0,"comment_status":"open","ping_status":"open","sticky":false,"template":"","format":"standard","meta":{"_s2mail":"","footnotes":""},"categories":[6],"tags":[31],"class_list":["post-1476381","post","type-post","status-publish","format-standard","hentry","category-ymse","tag-jansen"],"_links":{"self":[{"href":"https:\/\/setesdalswiki.no\/blog\/wp-json\/wp\/v2\/posts\/1476381"}],"collection":[{"href":"https:\/\/setesdalswiki.no\/blog\/wp-json\/wp\/v2\/posts"}],"about":[{"href":"https:\/\/setesdalswiki.no\/blog\/wp-json\/wp\/v2\/types\/post"}],"author":[{"embeddable":true,"href":"https:\/\/setesdalswiki.no\/blog\/wp-json\/wp\/v2\/users\/2"}],"replies":[{"embeddable":true,"href":"https:\/\/setesdalswiki.no\/blog\/wp-json\/wp\/v2\/comments?post=1476381"}],"version-history":[{"count":0,"href":"https:\/\/setesdalswiki.no\/blog\/wp-json\/wp\/v2\/posts\/1476381\/revisions"}],"wp:attachment":[{"href":"https:\/\/setesdalswiki.no\/blog\/wp-json\/wp\/v2\/media?parent=1476381"}],"wp:term":[{"taxonomy":"category","embeddable":true,"href":"https:\/\/setesdalswiki.no\/blog\/wp-json\/wp\/v2\/categories?post=1476381"},{"taxonomy":"post_tag","embeddable":true,"href":"https:\/\/setesdalswiki.no\/blog\/wp-json\/wp\/v2\/tags?post=1476381"}],"curies":[{"name":"wp","href":"https:\/\/api.w.org\/{rel}","templated":true}]}}