{"id":13910837,"date":"2012-06-20T22:26:38","date_gmt":"2012-06-20T22:26:38","guid":{"rendered":"http:\/\/blog.setesdalswiki.no\/2012\/06\/kommunestyremte-20-juni-13910837\/"},"modified":"2012-06-20T22:26:38","modified_gmt":"2012-06-20T22:26:38","slug":"kommunestyremte-20-juni-13910837","status":"publish","type":"post","link":"https:\/\/setesdalswiki.no\/blog\/kommunestyremte-20-juni-13910837\/","title":{"rendered":"Kommunestyrem\u00f8te 20. juni 2012"},"content":{"rendered":"<p>I kveld var det overf\u00f8ring av kommunestyrem\u00f8te i Valle Radio. Siste m\u00f8te f\u00f8r sommarferien hadde godkjenning av rekneskapen for 2011 og ei rekke andre saker p\u00e5 programmet:<\/p>\n<p>PS 33\/12 Referatsaker<br \/>\nPS 34\/12 F\u00f8respurnader<br \/>\nPS 35\/12 Br\u00f8yting, rydding og str\u00f8ing av vegar og plassar som kommunen har driftsansvar for &#8211; val av tilbod for perioden 2012\/2013 til 2017\/2018<br \/>\nPS 36\/12 S\u00f8knad om endring av fylkesgrense mellom Aust-Agder og VestAgder<br \/>\nPS 37\/12 Endring i organiseringa av Valle kommune<br \/>\nPS 38\/12 Rekneskap 2011, \u00d8yne Industribygg Valle KF<br \/>\nPS 39\/12 S\u00f8knad om utvida salsl\u00f8yve for alkoholhaldig drikk gruppe 1<br \/>\nPS 40\/12 Saksframlegg: Trekking av motsegn &#8211; reguleringplan Skjellest\u00f8yl<br \/>\nPS 41\/12 \u00c5rsmelding og rekneskap 2011<br \/>\nPS 42\/12 Tertialrapport pr. 30.04.2012<br \/>\nPS 43\/12 S\u00f8knad om fritak fr\u00e5 verv som jordskiftemeddomar og val av ny<br \/>\nPS 44\/12 H\u00f8yringsuttale &#8211; Nasjonal Transportplan 2014 &#8211; 2023<\/p>\n<p>Programleiar var ordf\u00f8rar Tarald Myrum og teknikar var J\u00f8rund Georg Jore.<br \/>\nPS 45\/12 Samarbeidsavtalar med SSHF &#8211; godkjenning av delavtalar (ekstrasak)<\/p>\n","protected":false},"excerpt":{"rendered":"<p>I kveld var det overf\u00f8ring av kommunestyrem\u00f8te i Valle Radio. Siste m\u00f8te f\u00f8r sommarferien hadde godkjenning av rekneskapen for 2011 og ei rekke andre saker p\u00e5 programmet: PS 33\/12 Referatsaker PS 34\/12 F\u00f8respurnader PS 35\/12 Br\u00f8yting, rydding og str\u00f8ing av vegar og plassar som kommunen har driftsansvar for &#8211; val av tilbod for perioden 2012\/2013 &hellip; <a href=\"https:\/\/setesdalswiki.no\/blog\/kommunestyremte-20-juni-13910837\/\" class=\"more-link\">Les meir om <span class=\"screen-reader-text\">Kommunestyrem\u00f8te 20. juni 2012<\/span> <span class=\"meta-nav\">&rarr;<\/span><\/a><\/p>\n","protected":false},"author":2,"featured_media":0,"comment_status":"open","ping_status":"open","sticky":false,"template":"","format":"standard","meta":{"_s2mail":"","footnotes":""},"categories":[6],"tags":[54],"class_list":["post-13910837","post","type-post","status-publish","format-standard","hentry","category-ymse","tag-program"],"_links":{"self":[{"href":"https:\/\/setesdalswiki.no\/blog\/wp-json\/wp\/v2\/posts\/13910837"}],"collection":[{"href":"https:\/\/setesdalswiki.no\/blog\/wp-json\/wp\/v2\/posts"}],"about":[{"href":"https:\/\/setesdalswiki.no\/blog\/wp-json\/wp\/v2\/types\/post"}],"author":[{"embeddable":true,"href":"https:\/\/setesdalswiki.no\/blog\/wp-json\/wp\/v2\/users\/2"}],"replies":[{"embeddable":true,"href":"https:\/\/setesdalswiki.no\/blog\/wp-json\/wp\/v2\/comments?post=13910837"}],"version-history":[{"count":0,"href":"https:\/\/setesdalswiki.no\/blog\/wp-json\/wp\/v2\/posts\/13910837\/revisions"}],"wp:attachment":[{"href":"https:\/\/setesdalswiki.no\/blog\/wp-json\/wp\/v2\/media?parent=13910837"}],"wp:term":[{"taxonomy":"category","embeddable":true,"href":"https:\/\/setesdalswiki.no\/blog\/wp-json\/wp\/v2\/categories?post=13910837"},{"taxonomy":"post_tag","embeddable":true,"href":"https:\/\/setesdalswiki.no\/blog\/wp-json\/wp\/v2\/tags?post=13910837"}],"curies":[{"name":"wp","href":"https:\/\/api.w.org\/{rel}","templated":true}]}}