{"id":13571884,"date":"2012-04-24T21:36:18","date_gmt":"2012-04-24T21:36:18","guid":{"rendered":"http:\/\/blog.setesdalswiki.no\/2012\/04\/krefter-og-krefter-13571884\/"},"modified":"2012-04-24T21:36:18","modified_gmt":"2012-04-24T21:36:18","slug":"krefter-og-krefter-13571884","status":"publish","type":"post","link":"https:\/\/setesdalswiki.no\/blog\/krefter-og-krefter-13571884\/","title":{"rendered":"Krefter og krefter"},"content":{"rendered":"<p>Eg skreiv i g\u00e5r at kreftene held p\u00e5 \u00e5 kome tilbake, og det er ikkje usant, men det g\u00e5r heller sm\u00e5tt. I dag tenkte eg at eg kunne gjere nytte for meg ved \u00e5 ta turen i butikken, Reidun var p\u00e5 jobb og b\u00e5de kj\u00f8leskapet og br\u00f8dskuffa tok til \u00e5 bli s\u00f8rgjeleg tomt.<\/p>\n<p>Coop-butikken i \u00d8vrebyen er den butikken eg brukar mest i Mandal, og slik vart det i dag og. Eg fekk meg ei handlevogn til \u00e5 trille varene i og rulla mi faste l\u00f8ype rundt butikken. Litt her og litt der, og s\u00e5 var det eg hadde f\u00e5tt p\u00e5 lappen s\u00e5 vel som impulskj\u00f8pa unnagjorde. Kassalappen viste 460 kroner, s\u00e5 du skj\u00f8ner at det ikkje var storhandel denne tysdagen. To posar med melk, br\u00f8d, sm\u00f8r, p\u00e5legg av ymse slag og litt anna.<\/p>\n<p>Men jamen var eg sliten d\u00e5 eg kom til bilen med varene. Eg la dei i baksetet, tok ein av banane eg hadde kj\u00f8pt, drakk litt Bris og kvilte litt f\u00f8r eg starta p\u00e5 heimturen. Vel heime pakka eg varene i kj\u00f8leskap og andre skap og sette meg ned i godstolen framom TV og sovna.<\/p>\n<p>Elles dreg det seg mot Setesdalskonferansen, eg har som m\u00e5l \u00e5 ha artiklar om dei folka som skal ha innlegg der, s\u00e5 i dag skreiv eg om Ole P. Bruun p\u00e5 Setesdalswiki. Les gjerne artikkelen, det er ein sterk biografi om eit sterkt engasjement for den \u00f8verste hyttebyen i Setesdal. http:\/\/www.setesdalswiki.no\/wiki\/Ole_P._Bruun<\/p>\n","protected":false},"excerpt":{"rendered":"<p>Eg skreiv i g\u00e5r at kreftene held p\u00e5 \u00e5 kome tilbake, og det er ikkje usant, men det g\u00e5r heller sm\u00e5tt. I dag tenkte eg at eg kunne gjere nytte for meg ved \u00e5 ta turen i butikken, Reidun var p\u00e5 jobb og b\u00e5de kj\u00f8leskapet og br\u00f8dskuffa tok til \u00e5 bli s\u00f8rgjeleg tomt. Coop-butikken i &hellip; <a href=\"https:\/\/setesdalswiki.no\/blog\/krefter-og-krefter-13571884\/\" class=\"more-link\">Les meir om <span class=\"screen-reader-text\">Krefter og krefter<\/span> <span class=\"meta-nav\">&rarr;<\/span><\/a><\/p>\n","protected":false},"author":2,"featured_media":0,"comment_status":"open","ping_status":"open","sticky":false,"template":"","format":"standard","meta":{"_s2mail":"","footnotes":""},"categories":[6],"tags":[],"class_list":["post-13571884","post","type-post","status-publish","format-standard","hentry","category-ymse"],"_links":{"self":[{"href":"https:\/\/setesdalswiki.no\/blog\/wp-json\/wp\/v2\/posts\/13571884"}],"collection":[{"href":"https:\/\/setesdalswiki.no\/blog\/wp-json\/wp\/v2\/posts"}],"about":[{"href":"https:\/\/setesdalswiki.no\/blog\/wp-json\/wp\/v2\/types\/post"}],"author":[{"embeddable":true,"href":"https:\/\/setesdalswiki.no\/blog\/wp-json\/wp\/v2\/users\/2"}],"replies":[{"embeddable":true,"href":"https:\/\/setesdalswiki.no\/blog\/wp-json\/wp\/v2\/comments?post=13571884"}],"version-history":[{"count":0,"href":"https:\/\/setesdalswiki.no\/blog\/wp-json\/wp\/v2\/posts\/13571884\/revisions"}],"wp:attachment":[{"href":"https:\/\/setesdalswiki.no\/blog\/wp-json\/wp\/v2\/media?parent=13571884"}],"wp:term":[{"taxonomy":"category","embeddable":true,"href":"https:\/\/setesdalswiki.no\/blog\/wp-json\/wp\/v2\/categories?post=13571884"},{"taxonomy":"post_tag","embeddable":true,"href":"https:\/\/setesdalswiki.no\/blog\/wp-json\/wp\/v2\/tags?post=13571884"}],"curies":[{"name":"wp","href":"https:\/\/api.w.org\/{rel}","templated":true}]}}