{"id":13565863,"date":"2012-04-23T22:56:40","date_gmt":"2012-04-23T22:56:40","guid":{"rendered":"http:\/\/blog.setesdalswiki.no\/2012\/04\/litt-hektisk-morgon-13565863\/"},"modified":"2012-04-23T22:56:40","modified_gmt":"2012-04-23T22:56:40","slug":"litt-hektisk-morgon-13565863","status":"publish","type":"post","link":"https:\/\/setesdalswiki.no\/blog\/litt-hektisk-morgon-13565863\/","title":{"rendered":"Litt hektisk morgon"},"content":{"rendered":"<p>Morgonen m\u00e5ndag vart litt hektisk, og det skuldast Wikipedia. Fredag vart eg intervjua av Klassekampen, og det vart litt debatt, ikkje om det eg sa, men om det ein annan wikipedianar sa til avisa. I dag var det s\u00e5 to artiklar i Dagbladet om wikipedia, og dei l\u00e5g i innboksen min d\u00e5 f\u00f8r eg hadde f\u00e5tt meg frukost, s\u00e5 eg las til auga vart b\u00e5de stort og st\u00f8rre. Her er lenke til den eine artikkelen: http:\/\/www.dagbladet.no\/2012\/04\/23\/kultur\/debatt\/wikipedia\/store_norske\/leksikon\/21259716\/<\/p>\n<p>Forfattaren er professor ved NTNU, men Wikipedia hadde ikkje nokon artikkel om han, s\u00e5 eg sette meg til \u00e5 lage ein artikkel: http:\/\/no.wikipedia.org\/wiki\/Arnulf_Hagen<\/p>\n<p>Ein blir lett noko engasjert n\u00e5r ein held p\u00e5 slik, s\u00e5 eg gl\u00f8ymde heilt \u00e5 sende melding til Setesd\u00f8len om at det ikkje vert tysdagssending denne veka heller. Neste veke er tysdag 1. mai, men s\u00e5 vonar eg at det skal vere r\u00e5d \u00e5 ha tysdagssendingar utover i mai. Ikkje minst trur eg Niklos vert glad om vi kan kome i gang att, han har mykje orgelmusikk han gjerne vil presentere.<\/p>\n<p>Sj\u00f8lv merker eg at kreftene tek til \u00e5 kome tilbake, og det er godt. Eg vonar det g\u00e5r lenge til eg f\u00e5r ei slik kule att.<\/p>\n","protected":false},"excerpt":{"rendered":"<p>Morgonen m\u00e5ndag vart litt hektisk, og det skuldast Wikipedia. Fredag vart eg intervjua av Klassekampen, og det vart litt debatt, ikkje om det eg sa, men om det ein annan wikipedianar sa til avisa. I dag var det s\u00e5 to artiklar i Dagbladet om wikipedia, og dei l\u00e5g i innboksen min d\u00e5 f\u00f8r eg hadde &hellip; <a href=\"https:\/\/setesdalswiki.no\/blog\/litt-hektisk-morgon-13565863\/\" class=\"more-link\">Les meir om <span class=\"screen-reader-text\">Litt hektisk morgon<\/span> <span class=\"meta-nav\">&rarr;<\/span><\/a><\/p>\n","protected":false},"author":2,"featured_media":0,"comment_status":"open","ping_status":"open","sticky":false,"template":"","format":"standard","meta":{"_s2mail":"","footnotes":""},"categories":[6],"tags":[],"class_list":["post-13565863","post","type-post","status-publish","format-standard","hentry","category-ymse"],"_links":{"self":[{"href":"https:\/\/setesdalswiki.no\/blog\/wp-json\/wp\/v2\/posts\/13565863"}],"collection":[{"href":"https:\/\/setesdalswiki.no\/blog\/wp-json\/wp\/v2\/posts"}],"about":[{"href":"https:\/\/setesdalswiki.no\/blog\/wp-json\/wp\/v2\/types\/post"}],"author":[{"embeddable":true,"href":"https:\/\/setesdalswiki.no\/blog\/wp-json\/wp\/v2\/users\/2"}],"replies":[{"embeddable":true,"href":"https:\/\/setesdalswiki.no\/blog\/wp-json\/wp\/v2\/comments?post=13565863"}],"version-history":[{"count":0,"href":"https:\/\/setesdalswiki.no\/blog\/wp-json\/wp\/v2\/posts\/13565863\/revisions"}],"wp:attachment":[{"href":"https:\/\/setesdalswiki.no\/blog\/wp-json\/wp\/v2\/media?parent=13565863"}],"wp:term":[{"taxonomy":"category","embeddable":true,"href":"https:\/\/setesdalswiki.no\/blog\/wp-json\/wp\/v2\/categories?post=13565863"},{"taxonomy":"post_tag","embeddable":true,"href":"https:\/\/setesdalswiki.no\/blog\/wp-json\/wp\/v2\/tags?post=13565863"}],"curies":[{"name":"wp","href":"https:\/\/api.w.org\/{rel}","templated":true}]}}