{"id":12085410,"date":"2011-10-28T21:18:48","date_gmt":"2011-10-28T21:18:48","guid":{"rendered":"http:\/\/blog.setesdalswiki.no\/2011\/10\/ny-siger-for-likningskontor-og-folkeregister-12085410\/"},"modified":"2011-10-28T21:18:48","modified_gmt":"2011-10-28T21:18:48","slug":"ny-siger-for-likningskontor-og-folkeregister-12085410","status":"publish","type":"post","link":"https:\/\/setesdalswiki.no\/blog\/ny-siger-for-likningskontor-og-folkeregister-12085410\/","title":{"rendered":"Ny siger for likningskontor og folkeregister"},"content":{"rendered":"<p>Etter kvart har likningskontoret og folkeregisteret i Valle vore gjennom mange rundar der dei har m\u00e5tta kjempa mot nedlegging. Difor var det hyggeleg \u00e5 lese i Setesd\u00f8len i dag at <em>Valle f\u00e5r behalde skattekontoret. <\/em><\/p>\n<p>Hildebj\u00f8rg Kjelleberg og Inga Flateland gjer ein god jobb for publikum, ikkje minst veit alle utledningane det. N\u00e5r dei lurer p\u00e5 noko, g\u00e5r turen innom likningskontoret og d\u00e5 f\u00e5r dei god hjelp p\u00e5 eit spr\u00e5k dei skj\u00f8ner. Sj\u00f8lv om mange ting kan ordnast p\u00e5 data er det lettare n\u00e5r ein f\u00e5r snakke med eit levande menneske. Hildebj\u00f8rg og Inga hjelper med det meste.<\/p>\n<p>I Bykle gjekk det ikkje like godt, det einmanns-bemanna kontoret der vart lagd ned i denne runden. Men det kan kanskje f\u00f8re til at dei f\u00e5r selskap p\u00e5 kontoret i Valle, og at det blir bemanna med tre personar. For alle i \u00d8vre Setesdal som treng r\u00e5d og rettleiing fr\u00e5 etaten, m\u00e5 det jo vere lettare \u00e5 kome til kontoret i Valle enn \u00e5 dra til Evje, det er truleg bare byr\u00e5kratane i hovudstaden som ikkje skj\u00f8ner det.<\/p>\n<p>Av og til m\u00e5 dei tilsette i Valle vise til Skatt S\u00f8r, som visstnok held til i Vestfold. Nokon kvar har nok vore oppgitt over dette, jo lenger borte fr\u00e5 folk, jo vanskeleg \u00e5 forst\u00e5 kva problemet er, verkar det som. Men Hildebj\u00f8rg og Inga gjer det beste dei kan for oss, og me er glade p\u00e5 deira vegner at kontoret framleis skal vere i Valle og at dei ikkje m\u00e5tte samlokaliserast p\u00e5 Evje. Breidband burde gjere det lett \u00e5 dele data med andre kontor i etaten. <\/p>\n","protected":false},"excerpt":{"rendered":"<p>Etter kvart har likningskontoret og folkeregisteret i Valle vore gjennom mange rundar der dei har m\u00e5tta kjempa mot nedlegging. Difor var det hyggeleg \u00e5 lese i Setesd\u00f8len i dag at Valle f\u00e5r behalde skattekontoret. Hildebj\u00f8rg Kjelleberg og Inga Flateland gjer ein god jobb for publikum, ikkje minst veit alle utledningane det. N\u00e5r dei lurer p\u00e5 &hellip; <a href=\"https:\/\/setesdalswiki.no\/blog\/ny-siger-for-likningskontor-og-folkeregister-12085410\/\" class=\"more-link\">Les meir om <span class=\"screen-reader-text\">Ny siger for likningskontor og folkeregister<\/span> <span class=\"meta-nav\">&rarr;<\/span><\/a><\/p>\n","protected":false},"author":2,"featured_media":0,"comment_status":"open","ping_status":"open","sticky":false,"template":"","format":"standard","meta":{"_s2mail":"","footnotes":""},"categories":[6],"tags":[],"class_list":["post-12085410","post","type-post","status-publish","format-standard","hentry","category-ymse"],"_links":{"self":[{"href":"https:\/\/setesdalswiki.no\/blog\/wp-json\/wp\/v2\/posts\/12085410"}],"collection":[{"href":"https:\/\/setesdalswiki.no\/blog\/wp-json\/wp\/v2\/posts"}],"about":[{"href":"https:\/\/setesdalswiki.no\/blog\/wp-json\/wp\/v2\/types\/post"}],"author":[{"embeddable":true,"href":"https:\/\/setesdalswiki.no\/blog\/wp-json\/wp\/v2\/users\/2"}],"replies":[{"embeddable":true,"href":"https:\/\/setesdalswiki.no\/blog\/wp-json\/wp\/v2\/comments?post=12085410"}],"version-history":[{"count":0,"href":"https:\/\/setesdalswiki.no\/blog\/wp-json\/wp\/v2\/posts\/12085410\/revisions"}],"wp:attachment":[{"href":"https:\/\/setesdalswiki.no\/blog\/wp-json\/wp\/v2\/media?parent=12085410"}],"wp:term":[{"taxonomy":"category","embeddable":true,"href":"https:\/\/setesdalswiki.no\/blog\/wp-json\/wp\/v2\/categories?post=12085410"},{"taxonomy":"post_tag","embeddable":true,"href":"https:\/\/setesdalswiki.no\/blog\/wp-json\/wp\/v2\/tags?post=12085410"}],"curies":[{"name":"wp","href":"https:\/\/api.w.org\/{rel}","templated":true}]}}